{"id":33,"date":"2023-09-18T22:04:55","date_gmt":"2023-09-19T01:04:55","guid":{"rendered":"https:\/\/supernoticias.net\/?p=33"},"modified":"2023-09-18T22:04:55","modified_gmt":"2023-09-19T01:04:55","slug":"carolina-dieckmann-derruba-o-proprio-bolo-de-aniversario-e-diz-veja-mais","status":"publish","type":"post","link":"https:\/\/supernoticias.net\/index.php\/2023\/09\/18\/carolina-dieckmann-derruba-o-proprio-bolo-de-aniversario-e-diz-veja-mais\/","title":{"rendered":"Carolina Dieckmann DERRUBA o pr\u00f3prio bolo de anivers\u00e1rio e diz&#8230; VEJA MAIS"},"content":{"rendered":"<p><span style=\"font-family: arial, helvetica, sans-serif;\"><a href=\"https:\/\/www.instagram.com\/loracarola\/\">Carolina Dieckmann<\/a> celebrou seu 45\u00ba anivers\u00e1rio no s\u00e1bado passado, dia 16, e recebeu calorosas homenagens de amigos, admiradores e familiares nas redes sociais. Para comemorar a ocasi\u00e3o especial, ela reuniu um grupo de pessoas para cantar os tradicionais &#8220;Parab\u00e9ns&#8221;.<\/span><\/p>\n<p><span style=\"font-family: arial, helvetica, sans-serif;\">No seu perfil, Carolina compartilhou um v\u00eddeo da celebra\u00e7\u00e3o, onde um momento inesperado aconteceu: o bolo de anivers\u00e1rio caiu acidentalmente no ch\u00e3o.<\/span><\/p>\n<p><span style=\"font-family: arial, helvetica, sans-serif;\"><a href=\"https:\/\/www.instagram.com\/reel\/CxRhaDDpibH\/?utm_source=ig_embed&amp;utm_campaign=loading\"><img decoding=\"async\" class=\" wp-image-41 aligncenter\" src=\"http:\/\/supernoticias.net\/wp-content\/uploads\/2023\/09\/sdaasdqwfge-300x265.jpg\" alt=\"\" width=\"415\" height=\"367\" srcset=\"https:\/\/supernoticias.net\/wp-content\/uploads\/2023\/09\/sdaasdqwfge-300x265.jpg 300w, https:\/\/supernoticias.net\/wp-content\/uploads\/2023\/09\/sdaasdqwfge.jpg 606w\" sizes=\"(max-width: 415px) 100vw, 415px\" \/><\/a><\/span><\/p>\n<p><span style=\"font-family: arial, helvetica, sans-serif;\">E o primeiro peda\u00e7o do bolo foi&#8230; parar no ch\u00e3o! \ud83d\ude04<\/span><\/p>\n<p><span style=\"font-family: arial, helvetica, sans-serif;\">Ap\u00f3s o v\u00eddeo viralizar, Carolina recebeu cr\u00edticas de alguns internautas, que alegaram que a queda do bolo foi intencional. A atriz ent\u00e3o gravou alguns v\u00eddeos para esclarecer esses coment\u00e1rios.<\/span><\/p>\n<p><span style=\"font-family: arial, helvetica, sans-serif;\">Em suas palavras, ela explicou que o bolo n\u00e3o foi desperdi\u00e7ado:<\/span><\/p>\n<p>&nbsp;<\/p>\n<p><span style=\"font-family: arial, helvetica, sans-serif;\"><i>&#8211; No v\u00eddeo que o bolo que caiu, eu comecei a ver uns coment\u00e1rios maldosos dizendo que eu joguei de prop\u00f3sito o bolo e eu fico pensando, eu estou muito feliz, isso n\u00e3o me abala, mas isso me preocupa. Que pensamento feio achar que joguei meu bolo de prop\u00f3sito no ch\u00e3o. N\u00e3o, eu n\u00e3o joguei meu bolo de prop\u00f3sito no ch\u00e3o, nunca faria isso<\/i>.<\/span><\/p>\n<p>&nbsp;<\/p>\n<p><span style=\"font-family: arial, helvetica, sans-serif;\">No final, Carolina expressou sua gratid\u00e3o pelas mensagens carinhosas que recebeu:<\/span><\/p>\n<p><span style=\"font-family: arial, helvetica, sans-serif;\"><i>&#8211;\u00a0Obrigada pelas demonstra\u00e7\u00f5es de carinho, estou me sentindo muito amada. N\u00e3o s\u00f3 pelas pessoas que conhe\u00e7o, mas pelo um monte de gente que n\u00e3o conhe\u00e7o. Estou indo dormir preenchida desse amor. Queria agradecer de novo. E espalhem coisas boas, pra dentro e pra fora.<\/i><\/span><\/p>\n<p><span style=\"font-family: arial, helvetica, sans-serif;\">*<span style=\"font-size: 8pt;\"><em>Carolina Dieckmann DERRUBA o pr\u00f3prio bolo de anivers\u00e1rio e diz<\/em><\/span><\/span><\/p>\n","protected":false},"excerpt":{"rendered":"<p>Carolina Dieckmann celebrou seu 45\u00ba anivers\u00e1rio no s\u00e1bado passado, dia 16, e recebeu calorosas homenagens de amigos, admiradores e familiares nas redes sociais. Para comemorar a ocasi\u00e3o especial, ela reuniu um grupo de pessoas para cantar os tradicionais &#8220;Parab\u00e9ns&#8221;. No seu perfil, Carolina compartilhou um v\u00eddeo da celebra\u00e7\u00e3o, onde um momento inesperado aconteceu: o bolo [&hellip;]<\/p>\n","protected":false},"author":1,"featured_media":42,"comment_status":"closed","ping_status":"open","sticky":false,"template":"","format":"standard","meta":{"MSN_Categories":"Uncategorized","MSN_Publish_Option":false,"MSN_Is_Local_News":false,"MSN_Is_AIAC_Included":"Empty","MSN_Location":"[]","MSN_Add_Feature_Img_On_Top_Of_Post":false,"MSN_Has_Custom_Author":false,"MSN_Custom_Author":"","MSN_Has_Custom_Canonical_Url":false,"MSN_Custom_Canonical_Url":"","site-sidebar-layout":"default","site-content-layout":"","ast-site-content-layout":"default","site-content-style":"default","site-sidebar-style":"default","ast-global-header-display":"","ast-banner-title-visibility":"","ast-main-header-display":"","ast-hfb-above-header-display":"","ast-hfb-below-header-display":"","ast-hfb-mobile-header-display":"","site-post-title":"","ast-breadcrumbs-content":"","ast-featured-img":"","footer-sml-layout":"","theme-transparent-header-meta":"default","adv-header-id-meta":"","stick-header-meta":"","header-above-stick-meta":"","header-main-stick-meta":"","header-below-stick-meta":"","astra-migrate-meta-layouts":"set","ast-page-background-enabled":"default","ast-page-background-meta":{"desktop":{"background-color":"var(--ast-global-color-4)","background-image":"","background-repeat":"repeat","background-position":"center center","background-size":"auto","background-attachment":"scroll","background-type":"","background-media":"","overlay-type":"","overlay-color":"","overlay-opacity":"","overlay-gradient":""},"tablet":{"background-color":"","background-image":"","background-repeat":"repeat","background-position":"center center","background-size":"auto","background-attachment":"scroll","background-type":"","background-media":"","overlay-type":"","overlay-color":"","overlay-opacity":"","overlay-gradient":""},"mobile":{"background-color":"","background-image":"","background-repeat":"repeat","background-position":"center center","background-size":"auto","background-attachment":"scroll","background-type":"","background-media":"","overlay-type":"","overlay-color":"","overlay-opacity":"","overlay-gradient":""}},"ast-content-background-meta":{"desktop":{"background-color":"var(--ast-global-color-5)","background-image":"","background-repeat":"repeat","background-position":"center center","background-size":"auto","background-attachment":"scroll","background-type":"","background-media":"","overlay-type":"","overlay-color":"","overlay-opacity":"","overlay-gradient":""},"tablet":{"background-color":"var(--ast-global-color-5)","background-image":"","background-repeat":"repeat","background-position":"center center","background-size":"auto","background-attachment":"scroll","background-type":"","background-media":"","overlay-type":"","overlay-color":"","overlay-opacity":"","overlay-gradient":""},"mobile":{"background-color":"var(--ast-global-color-5)","background-image":"","background-repeat":"repeat","background-position":"center center","background-size":"auto","background-attachment":"scroll","background-type":"","background-media":"","overlay-type":"","overlay-color":"","overlay-opacity":"","overlay-gradient":""}},"footnotes":""},"categories":[13],"tags":[],"class_list":["post-33","post","type-post","status-publish","format-standard","has-post-thumbnail","hentry","category-fofoca"],"yoast_head":"<!-- This site is optimized with the Yoast SEO plugin v27.5 - https:\/\/yoast.com\/product\/yoast-seo-wordpress\/ -->\n<title>Carolina Dieckmann DERRUBA o pr\u00f3prio bolo de anivers\u00e1rio e diz... VEJA MAIS - supernoticias.net<\/title>\n<meta name=\"description\" content=\"Carolina Dieckmann DERRUBA o pr\u00f3prio bolo de anivers\u00e1rio e diz...:Carolina Dieckmann celebrou seu 45\u00ba anivers\u00e1rio no s\u00e1bado passado...\" \/>\n<meta name=\"robots\" content=\"index, follow, max-snippet:-1, max-image-preview:large, max-video-preview:-1\" \/>\n<link rel=\"canonical\" href=\"https:\/\/supernoticias.net\/index.php\/2023\/09\/18\/carolina-dieckmann-derruba-o-proprio-bolo-de-aniversario-e-diz-veja-mais\/\" \/>\n<meta property=\"og:locale\" content=\"pt_BR\" \/>\n<meta property=\"og:type\" content=\"article\" \/>\n<meta property=\"og:title\" content=\"Carolina Dieckmann DERRUBA o pr\u00f3prio bolo de anivers\u00e1rio e diz... VEJA MAIS - supernoticias.net\" \/>\n<meta property=\"og:description\" content=\"Carolina Dieckmann DERRUBA o pr\u00f3prio bolo de anivers\u00e1rio e diz...:Carolina Dieckmann celebrou seu 45\u00ba anivers\u00e1rio no s\u00e1bado passado...\" \/>\n<meta property=\"og:url\" content=\"https:\/\/supernoticias.net\/index.php\/2023\/09\/18\/carolina-dieckmann-derruba-o-proprio-bolo-de-aniversario-e-diz-veja-mais\/\" \/>\n<meta property=\"og:site_name\" content=\"supernoticias.net\" \/>\n<meta property=\"article:published_time\" content=\"2023-09-19T01:04:55+00:00\" \/>\n<meta property=\"og:image\" content=\"http:\/\/supernoticias.net\/wp-content\/uploads\/2023\/09\/caroll.jpg\" \/>\n\t<meta property=\"og:image:width\" content=\"864\" \/>\n\t<meta property=\"og:image:height\" content=\"1080\" \/>\n\t<meta property=\"og:image:type\" content=\"image\/jpeg\" \/>\n<meta name=\"author\" content=\"Bruno\" \/>\n<meta name=\"twitter:card\" content=\"summary_large_image\" \/>\n<meta name=\"twitter:label1\" content=\"Escrito por\" \/>\n\t<meta name=\"twitter:data1\" content=\"Bruno\" \/>\n\t<meta name=\"twitter:label2\" content=\"Est. tempo de leitura\" \/>\n\t<meta name=\"twitter:data2\" content=\"2 minutos\" \/>\n<script type=\"application\/ld+json\" class=\"yoast-schema-graph\">{\"@context\":\"https:\\\/\\\/schema.org\",\"@graph\":[{\"@type\":\"Article\",\"@id\":\"https:\\\/\\\/supernoticias.net\\\/index.php\\\/2023\\\/09\\\/18\\\/carolina-dieckmann-derruba-o-proprio-bolo-de-aniversario-e-diz-veja-mais\\\/#article\",\"isPartOf\":{\"@id\":\"https:\\\/\\\/supernoticias.net\\\/index.php\\\/2023\\\/09\\\/18\\\/carolina-dieckmann-derruba-o-proprio-bolo-de-aniversario-e-diz-veja-mais\\\/\"},\"author\":{\"name\":\"Bruno\",\"@id\":\"https:\\\/\\\/supernoticias.net\\\/#\\\/schema\\\/person\\\/cf0d24eb7c56347e2c0db9d7f7bc9cb7\"},\"headline\":\"Carolina Dieckmann DERRUBA o pr\u00f3prio bolo de anivers\u00e1rio e diz&#8230; VEJA MAIS\",\"datePublished\":\"2023-09-19T01:04:55+00:00\",\"mainEntityOfPage\":{\"@id\":\"https:\\\/\\\/supernoticias.net\\\/index.php\\\/2023\\\/09\\\/18\\\/carolina-dieckmann-derruba-o-proprio-bolo-de-aniversario-e-diz-veja-mais\\\/\"},\"wordCount\":291,\"image\":{\"@id\":\"https:\\\/\\\/supernoticias.net\\\/index.php\\\/2023\\\/09\\\/18\\\/carolina-dieckmann-derruba-o-proprio-bolo-de-aniversario-e-diz-veja-mais\\\/#primaryimage\"},\"thumbnailUrl\":\"https:\\\/\\\/supernoticias.net\\\/wp-content\\\/uploads\\\/2023\\\/09\\\/caroll.jpg\",\"articleSection\":[\"FOFOCA\"],\"inLanguage\":\"pt-BR\"},{\"@type\":\"WebPage\",\"@id\":\"https:\\\/\\\/supernoticias.net\\\/index.php\\\/2023\\\/09\\\/18\\\/carolina-dieckmann-derruba-o-proprio-bolo-de-aniversario-e-diz-veja-mais\\\/\",\"url\":\"https:\\\/\\\/supernoticias.net\\\/index.php\\\/2023\\\/09\\\/18\\\/carolina-dieckmann-derruba-o-proprio-bolo-de-aniversario-e-diz-veja-mais\\\/\",\"name\":\"Carolina Dieckmann DERRUBA o pr\u00f3prio bolo de anivers\u00e1rio e diz... VEJA MAIS - supernoticias.net\",\"isPartOf\":{\"@id\":\"https:\\\/\\\/supernoticias.net\\\/#website\"},\"primaryImageOfPage\":{\"@id\":\"https:\\\/\\\/supernoticias.net\\\/index.php\\\/2023\\\/09\\\/18\\\/carolina-dieckmann-derruba-o-proprio-bolo-de-aniversario-e-diz-veja-mais\\\/#primaryimage\"},\"image\":{\"@id\":\"https:\\\/\\\/supernoticias.net\\\/index.php\\\/2023\\\/09\\\/18\\\/carolina-dieckmann-derruba-o-proprio-bolo-de-aniversario-e-diz-veja-mais\\\/#primaryimage\"},\"thumbnailUrl\":\"https:\\\/\\\/supernoticias.net\\\/wp-content\\\/uploads\\\/2023\\\/09\\\/caroll.jpg\",\"datePublished\":\"2023-09-19T01:04:55+00:00\",\"author\":{\"@id\":\"https:\\\/\\\/supernoticias.net\\\/#\\\/schema\\\/person\\\/cf0d24eb7c56347e2c0db9d7f7bc9cb7\"},\"description\":\"Carolina Dieckmann DERRUBA o pr\u00f3prio bolo de anivers\u00e1rio e diz...:Carolina Dieckmann celebrou seu 45\u00ba anivers\u00e1rio no s\u00e1bado passado...\",\"breadcrumb\":{\"@id\":\"https:\\\/\\\/supernoticias.net\\\/index.php\\\/2023\\\/09\\\/18\\\/carolina-dieckmann-derruba-o-proprio-bolo-de-aniversario-e-diz-veja-mais\\\/#breadcrumb\"},\"inLanguage\":\"pt-BR\",\"potentialAction\":[{\"@type\":\"ReadAction\",\"target\":[\"https:\\\/\\\/supernoticias.net\\\/index.php\\\/2023\\\/09\\\/18\\\/carolina-dieckmann-derruba-o-proprio-bolo-de-aniversario-e-diz-veja-mais\\\/\"]}]},{\"@type\":\"ImageObject\",\"inLanguage\":\"pt-BR\",\"@id\":\"https:\\\/\\\/supernoticias.net\\\/index.php\\\/2023\\\/09\\\/18\\\/carolina-dieckmann-derruba-o-proprio-bolo-de-aniversario-e-diz-veja-mais\\\/#primaryimage\",\"url\":\"https:\\\/\\\/supernoticias.net\\\/wp-content\\\/uploads\\\/2023\\\/09\\\/caroll.jpg\",\"contentUrl\":\"https:\\\/\\\/supernoticias.net\\\/wp-content\\\/uploads\\\/2023\\\/09\\\/caroll.jpg\",\"width\":864,\"height\":1080,\"caption\":\"Carolina Dieckmann\"},{\"@type\":\"BreadcrumbList\",\"@id\":\"https:\\\/\\\/supernoticias.net\\\/index.php\\\/2023\\\/09\\\/18\\\/carolina-dieckmann-derruba-o-proprio-bolo-de-aniversario-e-diz-veja-mais\\\/#breadcrumb\",\"itemListElement\":[{\"@type\":\"ListItem\",\"position\":1,\"name\":\"In\u00edcio\",\"item\":\"https:\\\/\\\/supernoticias.net\\\/\"},{\"@type\":\"ListItem\",\"position\":2,\"name\":\"Carolina Dieckmann DERRUBA o pr\u00f3prio bolo de anivers\u00e1rio e diz&#8230; VEJA MAIS\"}]},{\"@type\":\"WebSite\",\"@id\":\"https:\\\/\\\/supernoticias.net\\\/#website\",\"url\":\"https:\\\/\\\/supernoticias.net\\\/\",\"name\":\"supernoticias.net\",\"description\":\"\",\"potentialAction\":[{\"@type\":\"SearchAction\",\"target\":{\"@type\":\"EntryPoint\",\"urlTemplate\":\"https:\\\/\\\/supernoticias.net\\\/?s={search_term_string}\"},\"query-input\":{\"@type\":\"PropertyValueSpecification\",\"valueRequired\":true,\"valueName\":\"search_term_string\"}}],\"inLanguage\":\"pt-BR\"},{\"@type\":\"Person\",\"@id\":\"https:\\\/\\\/supernoticias.net\\\/#\\\/schema\\\/person\\\/cf0d24eb7c56347e2c0db9d7f7bc9cb7\",\"name\":\"Bruno\",\"image\":{\"@type\":\"ImageObject\",\"inLanguage\":\"pt-BR\",\"@id\":\"https:\\\/\\\/secure.gravatar.com\\\/avatar\\\/2c39a4009fb499599500069d233a2415e43ff93345eb179bfd2d06e2e7871622?s=96&d=mm&r=g\",\"url\":\"https:\\\/\\\/secure.gravatar.com\\\/avatar\\\/2c39a4009fb499599500069d233a2415e43ff93345eb179bfd2d06e2e7871622?s=96&d=mm&r=g\",\"contentUrl\":\"https:\\\/\\\/secure.gravatar.com\\\/avatar\\\/2c39a4009fb499599500069d233a2415e43ff93345eb179bfd2d06e2e7871622?s=96&d=mm&r=g\",\"caption\":\"Bruno\"},\"sameAs\":[\"http:\\\/\\\/supernoticias.net\"],\"url\":\"https:\\\/\\\/supernoticias.net\\\/index.php\\\/author\\\/supernoticias-net\\\/\"}]}<\/script>\n<!-- \/ Yoast SEO plugin. -->","yoast_head_json":{"title":"Carolina Dieckmann DERRUBA o pr\u00f3prio bolo de anivers\u00e1rio e diz... VEJA MAIS - supernoticias.net","description":"Carolina Dieckmann DERRUBA o pr\u00f3prio bolo de anivers\u00e1rio e diz...:Carolina Dieckmann celebrou seu 45\u00ba anivers\u00e1rio no s\u00e1bado passado...","robots":{"index":"index","follow":"follow","max-snippet":"max-snippet:-1","max-image-preview":"max-image-preview:large","max-video-preview":"max-video-preview:-1"},"canonical":"https:\/\/supernoticias.net\/index.php\/2023\/09\/18\/carolina-dieckmann-derruba-o-proprio-bolo-de-aniversario-e-diz-veja-mais\/","og_locale":"pt_BR","og_type":"article","og_title":"Carolina Dieckmann DERRUBA o pr\u00f3prio bolo de anivers\u00e1rio e diz... VEJA MAIS - supernoticias.net","og_description":"Carolina Dieckmann DERRUBA o pr\u00f3prio bolo de anivers\u00e1rio e diz...:Carolina Dieckmann celebrou seu 45\u00ba anivers\u00e1rio no s\u00e1bado passado...","og_url":"https:\/\/supernoticias.net\/index.php\/2023\/09\/18\/carolina-dieckmann-derruba-o-proprio-bolo-de-aniversario-e-diz-veja-mais\/","og_site_name":"supernoticias.net","article_published_time":"2023-09-19T01:04:55+00:00","og_image":[{"width":864,"height":1080,"url":"http:\/\/supernoticias.net\/wp-content\/uploads\/2023\/09\/caroll.jpg","type":"image\/jpeg"}],"author":"Bruno","twitter_card":"summary_large_image","twitter_misc":{"Escrito por":"Bruno","Est. tempo de leitura":"2 minutos"},"schema":{"@context":"https:\/\/schema.org","@graph":[{"@type":"Article","@id":"https:\/\/supernoticias.net\/index.php\/2023\/09\/18\/carolina-dieckmann-derruba-o-proprio-bolo-de-aniversario-e-diz-veja-mais\/#article","isPartOf":{"@id":"https:\/\/supernoticias.net\/index.php\/2023\/09\/18\/carolina-dieckmann-derruba-o-proprio-bolo-de-aniversario-e-diz-veja-mais\/"},"author":{"name":"Bruno","@id":"https:\/\/supernoticias.net\/#\/schema\/person\/cf0d24eb7c56347e2c0db9d7f7bc9cb7"},"headline":"Carolina Dieckmann DERRUBA o pr\u00f3prio bolo de anivers\u00e1rio e diz&#8230; VEJA MAIS","datePublished":"2023-09-19T01:04:55+00:00","mainEntityOfPage":{"@id":"https:\/\/supernoticias.net\/index.php\/2023\/09\/18\/carolina-dieckmann-derruba-o-proprio-bolo-de-aniversario-e-diz-veja-mais\/"},"wordCount":291,"image":{"@id":"https:\/\/supernoticias.net\/index.php\/2023\/09\/18\/carolina-dieckmann-derruba-o-proprio-bolo-de-aniversario-e-diz-veja-mais\/#primaryimage"},"thumbnailUrl":"https:\/\/supernoticias.net\/wp-content\/uploads\/2023\/09\/caroll.jpg","articleSection":["FOFOCA"],"inLanguage":"pt-BR"},{"@type":"WebPage","@id":"https:\/\/supernoticias.net\/index.php\/2023\/09\/18\/carolina-dieckmann-derruba-o-proprio-bolo-de-aniversario-e-diz-veja-mais\/","url":"https:\/\/supernoticias.net\/index.php\/2023\/09\/18\/carolina-dieckmann-derruba-o-proprio-bolo-de-aniversario-e-diz-veja-mais\/","name":"Carolina Dieckmann DERRUBA o pr\u00f3prio bolo de anivers\u00e1rio e diz... VEJA MAIS - supernoticias.net","isPartOf":{"@id":"https:\/\/supernoticias.net\/#website"},"primaryImageOfPage":{"@id":"https:\/\/supernoticias.net\/index.php\/2023\/09\/18\/carolina-dieckmann-derruba-o-proprio-bolo-de-aniversario-e-diz-veja-mais\/#primaryimage"},"image":{"@id":"https:\/\/supernoticias.net\/index.php\/2023\/09\/18\/carolina-dieckmann-derruba-o-proprio-bolo-de-aniversario-e-diz-veja-mais\/#primaryimage"},"thumbnailUrl":"https:\/\/supernoticias.net\/wp-content\/uploads\/2023\/09\/caroll.jpg","datePublished":"2023-09-19T01:04:55+00:00","author":{"@id":"https:\/\/supernoticias.net\/#\/schema\/person\/cf0d24eb7c56347e2c0db9d7f7bc9cb7"},"description":"Carolina Dieckmann DERRUBA o pr\u00f3prio bolo de anivers\u00e1rio e diz...:Carolina Dieckmann celebrou seu 45\u00ba anivers\u00e1rio no s\u00e1bado passado...","breadcrumb":{"@id":"https:\/\/supernoticias.net\/index.php\/2023\/09\/18\/carolina-dieckmann-derruba-o-proprio-bolo-de-aniversario-e-diz-veja-mais\/#breadcrumb"},"inLanguage":"pt-BR","potentialAction":[{"@type":"ReadAction","target":["https:\/\/supernoticias.net\/index.php\/2023\/09\/18\/carolina-dieckmann-derruba-o-proprio-bolo-de-aniversario-e-diz-veja-mais\/"]}]},{"@type":"ImageObject","inLanguage":"pt-BR","@id":"https:\/\/supernoticias.net\/index.php\/2023\/09\/18\/carolina-dieckmann-derruba-o-proprio-bolo-de-aniversario-e-diz-veja-mais\/#primaryimage","url":"https:\/\/supernoticias.net\/wp-content\/uploads\/2023\/09\/caroll.jpg","contentUrl":"https:\/\/supernoticias.net\/wp-content\/uploads\/2023\/09\/caroll.jpg","width":864,"height":1080,"caption":"Carolina Dieckmann"},{"@type":"BreadcrumbList","@id":"https:\/\/supernoticias.net\/index.php\/2023\/09\/18\/carolina-dieckmann-derruba-o-proprio-bolo-de-aniversario-e-diz-veja-mais\/#breadcrumb","itemListElement":[{"@type":"ListItem","position":1,"name":"In\u00edcio","item":"https:\/\/supernoticias.net\/"},{"@type":"ListItem","position":2,"name":"Carolina Dieckmann DERRUBA o pr\u00f3prio bolo de anivers\u00e1rio e diz&#8230; VEJA MAIS"}]},{"@type":"WebSite","@id":"https:\/\/supernoticias.net\/#website","url":"https:\/\/supernoticias.net\/","name":"supernoticias.net","description":"","potentialAction":[{"@type":"SearchAction","target":{"@type":"EntryPoint","urlTemplate":"https:\/\/supernoticias.net\/?s={search_term_string}"},"query-input":{"@type":"PropertyValueSpecification","valueRequired":true,"valueName":"search_term_string"}}],"inLanguage":"pt-BR"},{"@type":"Person","@id":"https:\/\/supernoticias.net\/#\/schema\/person\/cf0d24eb7c56347e2c0db9d7f7bc9cb7","name":"Bruno","image":{"@type":"ImageObject","inLanguage":"pt-BR","@id":"https:\/\/secure.gravatar.com\/avatar\/2c39a4009fb499599500069d233a2415e43ff93345eb179bfd2d06e2e7871622?s=96&d=mm&r=g","url":"https:\/\/secure.gravatar.com\/avatar\/2c39a4009fb499599500069d233a2415e43ff93345eb179bfd2d06e2e7871622?s=96&d=mm&r=g","contentUrl":"https:\/\/secure.gravatar.com\/avatar\/2c39a4009fb499599500069d233a2415e43ff93345eb179bfd2d06e2e7871622?s=96&d=mm&r=g","caption":"Bruno"},"sameAs":["http:\/\/supernoticias.net"],"url":"https:\/\/supernoticias.net\/index.php\/author\/supernoticias-net\/"}]}},"_links":{"self":[{"href":"https:\/\/supernoticias.net\/index.php\/wp-json\/wp\/v2\/posts\/33","targetHints":{"allow":["GET"]}}],"collection":[{"href":"https:\/\/supernoticias.net\/index.php\/wp-json\/wp\/v2\/posts"}],"about":[{"href":"https:\/\/supernoticias.net\/index.php\/wp-json\/wp\/v2\/types\/post"}],"author":[{"embeddable":true,"href":"https:\/\/supernoticias.net\/index.php\/wp-json\/wp\/v2\/users\/1"}],"replies":[{"embeddable":true,"href":"https:\/\/supernoticias.net\/index.php\/wp-json\/wp\/v2\/comments?post=33"}],"version-history":[{"count":6,"href":"https:\/\/supernoticias.net\/index.php\/wp-json\/wp\/v2\/posts\/33\/revisions"}],"predecessor-version":[{"id":43,"href":"https:\/\/supernoticias.net\/index.php\/wp-json\/wp\/v2\/posts\/33\/revisions\/43"}],"wp:featuredmedia":[{"embeddable":true,"href":"https:\/\/supernoticias.net\/index.php\/wp-json\/wp\/v2\/media\/42"}],"wp:attachment":[{"href":"https:\/\/supernoticias.net\/index.php\/wp-json\/wp\/v2\/media?parent=33"}],"wp:term":[{"taxonomy":"category","embeddable":true,"href":"https:\/\/supernoticias.net\/index.php\/wp-json\/wp\/v2\/categories?post=33"},{"taxonomy":"post_tag","embeddable":true,"href":"https:\/\/supernoticias.net\/index.php\/wp-json\/wp\/v2\/tags?post=33"}],"curies":[{"name":"wp","href":"https:\/\/api.w.org\/{rel}","templated":true}]}}