{"id":263,"date":"2024-01-26T15:10:28","date_gmt":"2024-01-26T18:10:28","guid":{"rendered":"https:\/\/supernoticias.net\/?p=263"},"modified":"2024-01-26T15:11:13","modified_gmt":"2024-01-26T18:11:13","slug":"morre-cantora-dani-li-apos-fazer-essa-cirurgia-veja-mais","status":"publish","type":"post","link":"https:\/\/supernoticias.net\/index.php\/2024\/01\/26\/morre-cantora-dani-li-apos-fazer-essa-cirurgia-veja-mais\/","title":{"rendered":"Morre Cantora Dani Li ap\u00f3s fazer ESSA cirurgia &#8211; VEJA MAIS"},"content":{"rendered":"<p><span style=\"font-family: arial, helvetica, sans-serif;\">Morre Cantora Dani Li:<\/span><\/p>\n<p><span style=\"font-family: arial, helvetica, sans-serif;\">Danielle Fonseca Machado, mais conhecida pelo nome art\u00edstico Dani Li, uma cantora nascida em Afu\u00e1, faleceu na tarde desta quarta-feira, 24 de janeiro, em Curitiba, Paran\u00e1, aos 35 anos. Reconhecida por sua carreira desde os 5 anos de idade, Dani Li ganhou destaque ao interpretar o hit &#8220;Eu sou da Amaz\u00f4nia&#8221;, no estilo brega, destacando as maravilhas da regi\u00e3o norte do Brasil.<\/span><\/p>\n<p><span style=\"font-family: arial, helvetica, sans-serif;\">Segundo informa\u00e7\u00f5es do portal G1, a not\u00edcia foi confirmada pelo esposo da cantora, Marcelo Mira, durante a tarde desta quarta-feira. Dani Li estava internada h\u00e1 aproximadamente seis dias ap\u00f3s passar por um procedimento cir\u00fargico na cidade.<\/span><\/p>\n<p><img decoding=\"async\" class=\"wp-image-264 aligncenter\" src=\"http:\/\/supernoticias.net\/wp-content\/uploads\/2024\/01\/2027883008-iqbdxrpf3nbs3gmu5caq6xchpy-300x215.webp\" alt=\"SUPERNOTICIAS - DANI LI\" width=\"684\" height=\"490\" srcset=\"https:\/\/supernoticias.net\/wp-content\/uploads\/2024\/01\/2027883008-iqbdxrpf3nbs3gmu5caq6xchpy-300x215.webp 300w, https:\/\/supernoticias.net\/wp-content\/uploads\/2024\/01\/2027883008-iqbdxrpf3nbs3gmu5caq6xchpy-768x551.webp 768w, https:\/\/supernoticias.net\/wp-content\/uploads\/2024\/01\/2027883008-iqbdxrpf3nbs3gmu5caq6xchpy.webp 774w\" sizes=\"(max-width: 684px) 100vw, 684px\" \/><\/p>\n<p><span style=\"font-family: arial, helvetica, sans-serif;\">A \u00faltima postagem de Dani Li no Instagram deixou os f\u00e3s e admiradores consternados. Coment\u00e1rios expressando tristeza e incredulidade inundaram a publica\u00e7\u00e3o. Nas palavras de um f\u00e3: &#8220;Que tristeza, Deus conforte a fam\u00edlia!&#8221;. Outro declarou: &#8220;N\u00e3o acredito&#8221;, acompanhado de um emoji de choro. A como\u00e7\u00e3o foi generalizada, com mensagens desejando conforto \u00e0 fam\u00edlia e afirmando que a artista permanecer\u00e1 nos cora\u00e7\u00f5es de todos.<\/span><\/p>\n<p><span style=\"font-family: arial, helvetica, sans-serif;\">Nascida em Afu\u00e1, localidade situada a cerca de 4 horas de barco de Macap\u00e1, Dani Li era reconhecida pelo seu estilo musical caracter\u00edstico. Iniciou sua carreira aos 5 anos, participando de shows de calouros em sua cidade natal. Juntamente com seu pai, come\u00e7ou a se apresentar em eventos familiares durante sua inf\u00e2ncia.<\/span><\/p>\n<p><img decoding=\"async\" class=\"wp-image-265 aligncenter\" src=\"http:\/\/supernoticias.net\/wp-content\/uploads\/2024\/01\/Dani-Li-Instagram-300x149.webp\" alt=\"SUPERNOTICIAS - DANI LI\" width=\"872\" height=\"433\" srcset=\"https:\/\/supernoticias.net\/wp-content\/uploads\/2024\/01\/Dani-Li-Instagram-300x149.webp 300w, https:\/\/supernoticias.net\/wp-content\/uploads\/2024\/01\/Dani-Li-Instagram.webp 398w\" sizes=\"(max-width: 872px) 100vw, 872px\" \/><\/p>\n<p><span style=\"font-family: arial, helvetica, sans-serif;\">Aos 17 anos, mudou-se para Macap\u00e1, onde formou seu segundo grupo musical, a &#8220;Banda Sensa\u00e7\u00e3o&#8221;, j\u00e1 no estilo brega. Em 2008, conheceu o poeta amapaense Osmar J\u00fanior, respons\u00e1vel pela m\u00fasica &#8220;Eu sou da Amaz\u00f4nia&#8221;, que se tornou um sucesso atemporal nas noites do estado. Osmar, que foi produtor de Dani por muitos anos, a apelidou de Dani Li, substituindo seu nome anterior, &#8220;Dani Furac\u00e3o&#8221;. Em uma entrevista \u00e0 Rede Amaz\u00f4nica, afiliada da TV Globo, Osmar compartilhou suas lembran\u00e7as da cantora, descrevendo-a como trabalhadora, honesta e humilde. Ele expressou seu lamento pela perda, afirmando: &#8220;Hoje faleceu uma das maiores cantoras que a gente viu nascer, at\u00e9 um dia amiga&#8221;.<\/span><\/p>\n<blockquote class=\"instagram-media\" style=\"background: #FFF; border: 0; border-radius: 3px; box-shadow: 0 0 1px 0 rgba(0,0,0,0.5),0 1px 10px 0 rgba(0,0,0,0.15); margin: 1px; max-width: 540px; min-width: 326px; padding: 0; width: calc(100% - 2px);\" data-instgrm-captioned=\"\" data-instgrm-permalink=\"https:\/\/www.instagram.com\/p\/C2h9afzMxDl\/?utm_source=ig_embed&amp;utm_campaign=loading\" data-instgrm-version=\"14\">\n<div style=\"padding: 16px;\">\n<div style=\"display: flex; flex-direction: row; align-items: center;\">\n<div style=\"background-color: #f4f4f4; border-radius: 50%; flex-grow: 0; height: 40px; margin-right: 14px; width: 40px;\"><\/div>\n<div style=\"display: flex; flex-direction: column; flex-grow: 1; justify-content: center;\">\n<div style=\"background-color: #f4f4f4; border-radius: 4px; flex-grow: 0; height: 14px; margin-bottom: 6px; width: 100px;\"><\/div>\n<div style=\"background-color: #f4f4f4; border-radius: 4px; flex-grow: 0; height: 14px; width: 60px;\"><\/div>\n<\/div>\n<\/div>\n<div style=\"padding: 19% 0px; text-align: center;\"><\/div>\n<div style=\"display: block; height: 50px; margin: 0 auto 12px; width: 50px;\"><\/div>\n<div style=\"padding-top: 8px;\">\n<div style=\"color: #3897f0; font-family: Arial,sans-serif; font-size: 14px; font-style: normal; font-weight: 550; line-height: 18px;\">Ver essa foto no Instagram<\/div>\n<\/div>\n<div style=\"padding: 12.5% 0;\"><\/div>\n<div style=\"display: flex; flex-direction: row; margin-bottom: 14px; align-items: center;\">\n<div>\n<div style=\"background-color: #f4f4f4; border-radius: 50%; height: 12.5px; width: 12.5px; transform: translateX(0px) translateY(7px);\"><\/div>\n<div style=\"background-color: #f4f4f4; height: 12.5px; transform: rotate(-45deg) translateX(3px) translateY(1px); width: 12.5px; flex-grow: 0; margin-right: 14px; margin-left: 2px;\"><\/div>\n<div style=\"background-color: #f4f4f4; border-radius: 50%; height: 12.5px; width: 12.5px; transform: translateX(9px) translateY(-18px);\"><\/div>\n<\/div>\n<div style=\"margin-left: 8px;\">\n<div style=\"background-color: #f4f4f4; border-radius: 50%; flex-grow: 0; height: 20px; width: 20px;\"><\/div>\n<div style=\"width: 0; height: 0; border-top: 2px solid transparent; border-left: 6px solid #f4f4f4; border-bottom: 2px solid transparent; transform: translateX(16px) translateY(-4px) rotate(30deg);\"><\/div>\n<\/div>\n<div style=\"margin-left: auto;\">\n<div style=\"width: 0px; border-top: 8px solid #F4F4F4; border-right: 8px solid transparent; transform: translateY(16px);\"><\/div>\n<div style=\"background-color: #f4f4f4; flex-grow: 0; height: 12px; width: 16px; transform: translateY(-4px);\"><\/div>\n<div style=\"width: 0; height: 0; border-top: 8px solid #F4F4F4; border-left: 8px solid transparent; transform: translateY(-4px) translateX(8px);\"><\/div>\n<\/div>\n<\/div>\n<div style=\"display: flex; flex-direction: column; flex-grow: 1; justify-content: center; margin-bottom: 24px;\">\n<div style=\"background-color: #f4f4f4; border-radius: 4px; flex-grow: 0; height: 14px; margin-bottom: 6px; width: 224px;\"><\/div>\n<div style=\"background-color: #f4f4f4; border-radius: 4px; flex-grow: 0; height: 14px; width: 144px;\"><\/div>\n<\/div>\n<p style=\"color: #c9c8cd; font-family: Arial,sans-serif; font-size: 14px; line-height: 17px; margin-bottom: 0; margin-top: 8px; overflow: hidden; padding: 8px 0 7px; text-align: center; text-overflow: ellipsis; white-space: nowrap;\"><a style=\"color: #c9c8cd; font-family: Arial,sans-serif; font-size: 14px; font-style: normal; font-weight: normal; line-height: 17px; text-decoration: none;\" href=\"https:\/\/www.instagram.com\/p\/C2h9afzMxDl\/?utm_source=ig_embed&amp;utm_campaign=loading\" target=\"_blank\" rel=\"noopener\">Uma publica\u00e7\u00e3o compartilhada por Dani Li (@danili.dl)<\/a><\/p>\n<\/div>\n<\/blockquote>\n<p><script async src=\"\/\/www.instagram.com\/embed.js\"><\/script><\/p>\n<hr \/>\n<blockquote>\n<h3>LEIA TAMB\u00c9M:\u00a0<a href=\"https:\/\/supernoticias.net\/index.php\/2024\/01\/19\/alimentos-que-previnem-o-envelhecimento\/\">Desvendando Longevidade com 7 Alimentos que Previnem o Envelhecimento<\/a><\/h3>\n<\/blockquote>\n","protected":false},"excerpt":{"rendered":"<p>Morre Cantora Dani Li: Danielle Fonseca Machado, mais conhecida pelo nome art\u00edstico Dani Li, uma cantora nascida em Afu\u00e1, faleceu na tarde desta quarta-feira, 24 de janeiro, em Curitiba, Paran\u00e1, aos 35 anos. Reconhecida por sua carreira desde os 5 anos de idade, Dani Li ganhou destaque ao interpretar o hit &#8220;Eu sou da Amaz\u00f4nia&#8221;, [&hellip;]<\/p>\n","protected":false},"author":1,"featured_media":264,"comment_status":"closed","ping_status":"open","sticky":false,"template":"","format":"standard","meta":{"MSN_Categories":"Uncategorized","MSN_Publish_Option":false,"MSN_Is_Local_News":false,"MSN_Is_AIAC_Included":"Empty","MSN_Location":"[]","MSN_Add_Feature_Img_On_Top_Of_Post":false,"MSN_Has_Custom_Author":false,"MSN_Custom_Author":"","MSN_Has_Custom_Canonical_Url":false,"MSN_Custom_Canonical_Url":"","site-sidebar-layout":"default","site-content-layout":"","ast-site-content-layout":"default","site-content-style":"default","site-sidebar-style":"default","ast-global-header-display":"","ast-banner-title-visibility":"","ast-main-header-display":"","ast-hfb-above-header-display":"","ast-hfb-below-header-display":"","ast-hfb-mobile-header-display":"","site-post-title":"","ast-breadcrumbs-content":"","ast-featured-img":"","footer-sml-layout":"","theme-transparent-header-meta":"default","adv-header-id-meta":"","stick-header-meta":"","header-above-stick-meta":"","header-main-stick-meta":"","header-below-stick-meta":"","astra-migrate-meta-layouts":"set","ast-page-background-enabled":"default","ast-page-background-meta":{"desktop":{"background-color":"var(--ast-global-color-4)","background-image":"","background-repeat":"repeat","background-position":"center center","background-size":"auto","background-attachment":"scroll","background-type":"","background-media":"","overlay-type":"","overlay-color":"","overlay-opacity":"","overlay-gradient":""},"tablet":{"background-color":"","background-image":"","background-repeat":"repeat","background-position":"center center","background-size":"auto","background-attachment":"scroll","background-type":"","background-media":"","overlay-type":"","overlay-color":"","overlay-opacity":"","overlay-gradient":""},"mobile":{"background-color":"","background-image":"","background-repeat":"repeat","background-position":"center center","background-size":"auto","background-attachment":"scroll","background-type":"","background-media":"","overlay-type":"","overlay-color":"","overlay-opacity":"","overlay-gradient":""}},"ast-content-background-meta":{"desktop":{"background-color":"var(--ast-global-color-5)","background-image":"","background-repeat":"repeat","background-position":"center center","background-size":"auto","background-attachment":"scroll","background-type":"","background-media":"","overlay-type":"","overlay-color":"","overlay-opacity":"","overlay-gradient":""},"tablet":{"background-color":"var(--ast-global-color-5)","background-image":"","background-repeat":"repeat","background-position":"center center","background-size":"auto","background-attachment":"scroll","background-type":"","background-media":"","overlay-type":"","overlay-color":"","overlay-opacity":"","overlay-gradient":""},"mobile":{"background-color":"var(--ast-global-color-5)","background-image":"","background-repeat":"repeat","background-position":"center center","background-size":"auto","background-attachment":"scroll","background-type":"","background-media":"","overlay-type":"","overlay-color":"","overlay-opacity":"","overlay-gradient":""}},"footnotes":""},"categories":[1,13,14],"tags":[],"class_list":["post-263","post","type-post","status-publish","format-standard","has-post-thumbnail","hentry","category-blog","category-fofoca","category-mundo"],"yoast_head":"<!-- This site is optimized with the Yoast SEO plugin v27.5 - https:\/\/yoast.com\/product\/yoast-seo-wordpress\/ -->\n<title>Morre Cantora Dani Li ap\u00f3s fazer ESSA cirurgia - VEJA MAIS<\/title>\n<meta name=\"description\" content=\"Morre Cantora Dani Li: Danielle Fonseca Machado, mais conhecida pelo nome art\u00edstico Dani Li, uma cantora nascida em Afu\u00e1, faleceu na tarde...\" \/>\n<meta name=\"robots\" content=\"index, follow, max-snippet:-1, max-image-preview:large, max-video-preview:-1\" \/>\n<link rel=\"canonical\" href=\"https:\/\/supernoticias.net\/index.php\/2024\/01\/26\/morre-cantora-dani-li-apos-fazer-essa-cirurgia-veja-mais\/\" \/>\n<meta property=\"og:locale\" content=\"pt_BR\" \/>\n<meta property=\"og:type\" content=\"article\" \/>\n<meta property=\"og:title\" content=\"Morre Cantora Dani Li ap\u00f3s fazer ESSA cirurgia - VEJA MAIS\" \/>\n<meta property=\"og:description\" content=\"Morre Cantora Dani Li: Danielle Fonseca Machado, mais conhecida pelo nome art\u00edstico Dani Li, uma cantora nascida em Afu\u00e1, faleceu na tarde...\" \/>\n<meta property=\"og:url\" content=\"https:\/\/supernoticias.net\/index.php\/2024\/01\/26\/morre-cantora-dani-li-apos-fazer-essa-cirurgia-veja-mais\/\" \/>\n<meta property=\"og:site_name\" content=\"supernoticias.net\" \/>\n<meta property=\"article:published_time\" content=\"2024-01-26T18:10:28+00:00\" \/>\n<meta property=\"article:modified_time\" content=\"2024-01-26T18:11:13+00:00\" \/>\n<meta property=\"og:image\" content=\"http:\/\/supernoticias.net\/wp-content\/uploads\/2024\/01\/2027883008-iqbdxrpf3nbs3gmu5caq6xchpy.webp\" \/>\n\t<meta property=\"og:image:width\" content=\"774\" \/>\n\t<meta property=\"og:image:height\" content=\"555\" \/>\n\t<meta property=\"og:image:type\" content=\"image\/webp\" \/>\n<meta name=\"author\" content=\"Bruno\" \/>\n<meta name=\"twitter:card\" content=\"summary_large_image\" \/>\n<meta name=\"twitter:label1\" content=\"Escrito por\" \/>\n\t<meta name=\"twitter:data1\" content=\"Bruno\" \/>\n\t<meta name=\"twitter:label2\" content=\"Est. tempo de leitura\" \/>\n\t<meta name=\"twitter:data2\" content=\"3 minutos\" \/>\n<script type=\"application\/ld+json\" class=\"yoast-schema-graph\">{\"@context\":\"https:\\\/\\\/schema.org\",\"@graph\":[{\"@type\":\"Article\",\"@id\":\"https:\\\/\\\/supernoticias.net\\\/index.php\\\/2024\\\/01\\\/26\\\/morre-cantora-dani-li-apos-fazer-essa-cirurgia-veja-mais\\\/#article\",\"isPartOf\":{\"@id\":\"https:\\\/\\\/supernoticias.net\\\/index.php\\\/2024\\\/01\\\/26\\\/morre-cantora-dani-li-apos-fazer-essa-cirurgia-veja-mais\\\/\"},\"author\":{\"name\":\"Bruno\",\"@id\":\"https:\\\/\\\/supernoticias.net\\\/#\\\/schema\\\/person\\\/cf0d24eb7c56347e2c0db9d7f7bc9cb7\"},\"headline\":\"Morre Cantora Dani Li ap\u00f3s fazer ESSA cirurgia &#8211; VEJA MAIS\",\"datePublished\":\"2024-01-26T18:10:28+00:00\",\"dateModified\":\"2024-01-26T18:11:13+00:00\",\"mainEntityOfPage\":{\"@id\":\"https:\\\/\\\/supernoticias.net\\\/index.php\\\/2024\\\/01\\\/26\\\/morre-cantora-dani-li-apos-fazer-essa-cirurgia-veja-mais\\\/\"},\"wordCount\":379,\"image\":{\"@id\":\"https:\\\/\\\/supernoticias.net\\\/index.php\\\/2024\\\/01\\\/26\\\/morre-cantora-dani-li-apos-fazer-essa-cirurgia-veja-mais\\\/#primaryimage\"},\"thumbnailUrl\":\"https:\\\/\\\/supernoticias.net\\\/wp-content\\\/uploads\\\/2024\\\/01\\\/2027883008-iqbdxrpf3nbs3gmu5caq6xchpy.webp\",\"articleSection\":[\"Blog\",\"FOFOCA\",\"MUNDO\"],\"inLanguage\":\"pt-BR\"},{\"@type\":\"WebPage\",\"@id\":\"https:\\\/\\\/supernoticias.net\\\/index.php\\\/2024\\\/01\\\/26\\\/morre-cantora-dani-li-apos-fazer-essa-cirurgia-veja-mais\\\/\",\"url\":\"https:\\\/\\\/supernoticias.net\\\/index.php\\\/2024\\\/01\\\/26\\\/morre-cantora-dani-li-apos-fazer-essa-cirurgia-veja-mais\\\/\",\"name\":\"Morre Cantora Dani Li ap\u00f3s fazer ESSA cirurgia - VEJA MAIS\",\"isPartOf\":{\"@id\":\"https:\\\/\\\/supernoticias.net\\\/#website\"},\"primaryImageOfPage\":{\"@id\":\"https:\\\/\\\/supernoticias.net\\\/index.php\\\/2024\\\/01\\\/26\\\/morre-cantora-dani-li-apos-fazer-essa-cirurgia-veja-mais\\\/#primaryimage\"},\"image\":{\"@id\":\"https:\\\/\\\/supernoticias.net\\\/index.php\\\/2024\\\/01\\\/26\\\/morre-cantora-dani-li-apos-fazer-essa-cirurgia-veja-mais\\\/#primaryimage\"},\"thumbnailUrl\":\"https:\\\/\\\/supernoticias.net\\\/wp-content\\\/uploads\\\/2024\\\/01\\\/2027883008-iqbdxrpf3nbs3gmu5caq6xchpy.webp\",\"datePublished\":\"2024-01-26T18:10:28+00:00\",\"dateModified\":\"2024-01-26T18:11:13+00:00\",\"author\":{\"@id\":\"https:\\\/\\\/supernoticias.net\\\/#\\\/schema\\\/person\\\/cf0d24eb7c56347e2c0db9d7f7bc9cb7\"},\"description\":\"Morre Cantora Dani Li: Danielle Fonseca Machado, mais conhecida pelo nome art\u00edstico Dani Li, uma cantora nascida em Afu\u00e1, faleceu na tarde...\",\"breadcrumb\":{\"@id\":\"https:\\\/\\\/supernoticias.net\\\/index.php\\\/2024\\\/01\\\/26\\\/morre-cantora-dani-li-apos-fazer-essa-cirurgia-veja-mais\\\/#breadcrumb\"},\"inLanguage\":\"pt-BR\",\"potentialAction\":[{\"@type\":\"ReadAction\",\"target\":[\"https:\\\/\\\/supernoticias.net\\\/index.php\\\/2024\\\/01\\\/26\\\/morre-cantora-dani-li-apos-fazer-essa-cirurgia-veja-mais\\\/\"]}]},{\"@type\":\"ImageObject\",\"inLanguage\":\"pt-BR\",\"@id\":\"https:\\\/\\\/supernoticias.net\\\/index.php\\\/2024\\\/01\\\/26\\\/morre-cantora-dani-li-apos-fazer-essa-cirurgia-veja-mais\\\/#primaryimage\",\"url\":\"https:\\\/\\\/supernoticias.net\\\/wp-content\\\/uploads\\\/2024\\\/01\\\/2027883008-iqbdxrpf3nbs3gmu5caq6xchpy.webp\",\"contentUrl\":\"https:\\\/\\\/supernoticias.net\\\/wp-content\\\/uploads\\\/2024\\\/01\\\/2027883008-iqbdxrpf3nbs3gmu5caq6xchpy.webp\",\"width\":774,\"height\":555,\"caption\":\"SUPERNOTICIAS - DANI LI\"},{\"@type\":\"BreadcrumbList\",\"@id\":\"https:\\\/\\\/supernoticias.net\\\/index.php\\\/2024\\\/01\\\/26\\\/morre-cantora-dani-li-apos-fazer-essa-cirurgia-veja-mais\\\/#breadcrumb\",\"itemListElement\":[{\"@type\":\"ListItem\",\"position\":1,\"name\":\"In\u00edcio\",\"item\":\"https:\\\/\\\/supernoticias.net\\\/\"},{\"@type\":\"ListItem\",\"position\":2,\"name\":\"Morre Cantora Dani Li ap\u00f3s fazer ESSA cirurgia &#8211; VEJA MAIS\"}]},{\"@type\":\"WebSite\",\"@id\":\"https:\\\/\\\/supernoticias.net\\\/#website\",\"url\":\"https:\\\/\\\/supernoticias.net\\\/\",\"name\":\"supernoticias.net\",\"description\":\"\",\"potentialAction\":[{\"@type\":\"SearchAction\",\"target\":{\"@type\":\"EntryPoint\",\"urlTemplate\":\"https:\\\/\\\/supernoticias.net\\\/?s={search_term_string}\"},\"query-input\":{\"@type\":\"PropertyValueSpecification\",\"valueRequired\":true,\"valueName\":\"search_term_string\"}}],\"inLanguage\":\"pt-BR\"},{\"@type\":\"Person\",\"@id\":\"https:\\\/\\\/supernoticias.net\\\/#\\\/schema\\\/person\\\/cf0d24eb7c56347e2c0db9d7f7bc9cb7\",\"name\":\"Bruno\",\"image\":{\"@type\":\"ImageObject\",\"inLanguage\":\"pt-BR\",\"@id\":\"https:\\\/\\\/secure.gravatar.com\\\/avatar\\\/2c39a4009fb499599500069d233a2415e43ff93345eb179bfd2d06e2e7871622?s=96&d=mm&r=g\",\"url\":\"https:\\\/\\\/secure.gravatar.com\\\/avatar\\\/2c39a4009fb499599500069d233a2415e43ff93345eb179bfd2d06e2e7871622?s=96&d=mm&r=g\",\"contentUrl\":\"https:\\\/\\\/secure.gravatar.com\\\/avatar\\\/2c39a4009fb499599500069d233a2415e43ff93345eb179bfd2d06e2e7871622?s=96&d=mm&r=g\",\"caption\":\"Bruno\"},\"sameAs\":[\"http:\\\/\\\/supernoticias.net\"],\"url\":\"https:\\\/\\\/supernoticias.net\\\/index.php\\\/author\\\/supernoticias-net\\\/\"}]}<\/script>\n<!-- \/ Yoast SEO plugin. -->","yoast_head_json":{"title":"Morre Cantora Dani Li ap\u00f3s fazer ESSA cirurgia - VEJA MAIS","description":"Morre Cantora Dani Li: Danielle Fonseca Machado, mais conhecida pelo nome art\u00edstico Dani Li, uma cantora nascida em Afu\u00e1, faleceu na tarde...","robots":{"index":"index","follow":"follow","max-snippet":"max-snippet:-1","max-image-preview":"max-image-preview:large","max-video-preview":"max-video-preview:-1"},"canonical":"https:\/\/supernoticias.net\/index.php\/2024\/01\/26\/morre-cantora-dani-li-apos-fazer-essa-cirurgia-veja-mais\/","og_locale":"pt_BR","og_type":"article","og_title":"Morre Cantora Dani Li ap\u00f3s fazer ESSA cirurgia - VEJA MAIS","og_description":"Morre Cantora Dani Li: Danielle Fonseca Machado, mais conhecida pelo nome art\u00edstico Dani Li, uma cantora nascida em Afu\u00e1, faleceu na tarde...","og_url":"https:\/\/supernoticias.net\/index.php\/2024\/01\/26\/morre-cantora-dani-li-apos-fazer-essa-cirurgia-veja-mais\/","og_site_name":"supernoticias.net","article_published_time":"2024-01-26T18:10:28+00:00","article_modified_time":"2024-01-26T18:11:13+00:00","og_image":[{"width":774,"height":555,"url":"http:\/\/supernoticias.net\/wp-content\/uploads\/2024\/01\/2027883008-iqbdxrpf3nbs3gmu5caq6xchpy.webp","type":"image\/webp"}],"author":"Bruno","twitter_card":"summary_large_image","twitter_misc":{"Escrito por":"Bruno","Est. tempo de leitura":"3 minutos"},"schema":{"@context":"https:\/\/schema.org","@graph":[{"@type":"Article","@id":"https:\/\/supernoticias.net\/index.php\/2024\/01\/26\/morre-cantora-dani-li-apos-fazer-essa-cirurgia-veja-mais\/#article","isPartOf":{"@id":"https:\/\/supernoticias.net\/index.php\/2024\/01\/26\/morre-cantora-dani-li-apos-fazer-essa-cirurgia-veja-mais\/"},"author":{"name":"Bruno","@id":"https:\/\/supernoticias.net\/#\/schema\/person\/cf0d24eb7c56347e2c0db9d7f7bc9cb7"},"headline":"Morre Cantora Dani Li ap\u00f3s fazer ESSA cirurgia &#8211; VEJA MAIS","datePublished":"2024-01-26T18:10:28+00:00","dateModified":"2024-01-26T18:11:13+00:00","mainEntityOfPage":{"@id":"https:\/\/supernoticias.net\/index.php\/2024\/01\/26\/morre-cantora-dani-li-apos-fazer-essa-cirurgia-veja-mais\/"},"wordCount":379,"image":{"@id":"https:\/\/supernoticias.net\/index.php\/2024\/01\/26\/morre-cantora-dani-li-apos-fazer-essa-cirurgia-veja-mais\/#primaryimage"},"thumbnailUrl":"https:\/\/supernoticias.net\/wp-content\/uploads\/2024\/01\/2027883008-iqbdxrpf3nbs3gmu5caq6xchpy.webp","articleSection":["Blog","FOFOCA","MUNDO"],"inLanguage":"pt-BR"},{"@type":"WebPage","@id":"https:\/\/supernoticias.net\/index.php\/2024\/01\/26\/morre-cantora-dani-li-apos-fazer-essa-cirurgia-veja-mais\/","url":"https:\/\/supernoticias.net\/index.php\/2024\/01\/26\/morre-cantora-dani-li-apos-fazer-essa-cirurgia-veja-mais\/","name":"Morre Cantora Dani Li ap\u00f3s fazer ESSA cirurgia - VEJA MAIS","isPartOf":{"@id":"https:\/\/supernoticias.net\/#website"},"primaryImageOfPage":{"@id":"https:\/\/supernoticias.net\/index.php\/2024\/01\/26\/morre-cantora-dani-li-apos-fazer-essa-cirurgia-veja-mais\/#primaryimage"},"image":{"@id":"https:\/\/supernoticias.net\/index.php\/2024\/01\/26\/morre-cantora-dani-li-apos-fazer-essa-cirurgia-veja-mais\/#primaryimage"},"thumbnailUrl":"https:\/\/supernoticias.net\/wp-content\/uploads\/2024\/01\/2027883008-iqbdxrpf3nbs3gmu5caq6xchpy.webp","datePublished":"2024-01-26T18:10:28+00:00","dateModified":"2024-01-26T18:11:13+00:00","author":{"@id":"https:\/\/supernoticias.net\/#\/schema\/person\/cf0d24eb7c56347e2c0db9d7f7bc9cb7"},"description":"Morre Cantora Dani Li: Danielle Fonseca Machado, mais conhecida pelo nome art\u00edstico Dani Li, uma cantora nascida em Afu\u00e1, faleceu na tarde...","breadcrumb":{"@id":"https:\/\/supernoticias.net\/index.php\/2024\/01\/26\/morre-cantora-dani-li-apos-fazer-essa-cirurgia-veja-mais\/#breadcrumb"},"inLanguage":"pt-BR","potentialAction":[{"@type":"ReadAction","target":["https:\/\/supernoticias.net\/index.php\/2024\/01\/26\/morre-cantora-dani-li-apos-fazer-essa-cirurgia-veja-mais\/"]}]},{"@type":"ImageObject","inLanguage":"pt-BR","@id":"https:\/\/supernoticias.net\/index.php\/2024\/01\/26\/morre-cantora-dani-li-apos-fazer-essa-cirurgia-veja-mais\/#primaryimage","url":"https:\/\/supernoticias.net\/wp-content\/uploads\/2024\/01\/2027883008-iqbdxrpf3nbs3gmu5caq6xchpy.webp","contentUrl":"https:\/\/supernoticias.net\/wp-content\/uploads\/2024\/01\/2027883008-iqbdxrpf3nbs3gmu5caq6xchpy.webp","width":774,"height":555,"caption":"SUPERNOTICIAS - DANI LI"},{"@type":"BreadcrumbList","@id":"https:\/\/supernoticias.net\/index.php\/2024\/01\/26\/morre-cantora-dani-li-apos-fazer-essa-cirurgia-veja-mais\/#breadcrumb","itemListElement":[{"@type":"ListItem","position":1,"name":"In\u00edcio","item":"https:\/\/supernoticias.net\/"},{"@type":"ListItem","position":2,"name":"Morre Cantora Dani Li ap\u00f3s fazer ESSA cirurgia &#8211; VEJA MAIS"}]},{"@type":"WebSite","@id":"https:\/\/supernoticias.net\/#website","url":"https:\/\/supernoticias.net\/","name":"supernoticias.net","description":"","potentialAction":[{"@type":"SearchAction","target":{"@type":"EntryPoint","urlTemplate":"https:\/\/supernoticias.net\/?s={search_term_string}"},"query-input":{"@type":"PropertyValueSpecification","valueRequired":true,"valueName":"search_term_string"}}],"inLanguage":"pt-BR"},{"@type":"Person","@id":"https:\/\/supernoticias.net\/#\/schema\/person\/cf0d24eb7c56347e2c0db9d7f7bc9cb7","name":"Bruno","image":{"@type":"ImageObject","inLanguage":"pt-BR","@id":"https:\/\/secure.gravatar.com\/avatar\/2c39a4009fb499599500069d233a2415e43ff93345eb179bfd2d06e2e7871622?s=96&d=mm&r=g","url":"https:\/\/secure.gravatar.com\/avatar\/2c39a4009fb499599500069d233a2415e43ff93345eb179bfd2d06e2e7871622?s=96&d=mm&r=g","contentUrl":"https:\/\/secure.gravatar.com\/avatar\/2c39a4009fb499599500069d233a2415e43ff93345eb179bfd2d06e2e7871622?s=96&d=mm&r=g","caption":"Bruno"},"sameAs":["http:\/\/supernoticias.net"],"url":"https:\/\/supernoticias.net\/index.php\/author\/supernoticias-net\/"}]}},"_links":{"self":[{"href":"https:\/\/supernoticias.net\/index.php\/wp-json\/wp\/v2\/posts\/263","targetHints":{"allow":["GET"]}}],"collection":[{"href":"https:\/\/supernoticias.net\/index.php\/wp-json\/wp\/v2\/posts"}],"about":[{"href":"https:\/\/supernoticias.net\/index.php\/wp-json\/wp\/v2\/types\/post"}],"author":[{"embeddable":true,"href":"https:\/\/supernoticias.net\/index.php\/wp-json\/wp\/v2\/users\/1"}],"replies":[{"embeddable":true,"href":"https:\/\/supernoticias.net\/index.php\/wp-json\/wp\/v2\/comments?post=263"}],"version-history":[{"count":5,"href":"https:\/\/supernoticias.net\/index.php\/wp-json\/wp\/v2\/posts\/263\/revisions"}],"predecessor-version":[{"id":270,"href":"https:\/\/supernoticias.net\/index.php\/wp-json\/wp\/v2\/posts\/263\/revisions\/270"}],"wp:featuredmedia":[{"embeddable":true,"href":"https:\/\/supernoticias.net\/index.php\/wp-json\/wp\/v2\/media\/264"}],"wp:attachment":[{"href":"https:\/\/supernoticias.net\/index.php\/wp-json\/wp\/v2\/media?parent=263"}],"wp:term":[{"taxonomy":"category","embeddable":true,"href":"https:\/\/supernoticias.net\/index.php\/wp-json\/wp\/v2\/categories?post=263"},{"taxonomy":"post_tag","embeddable":true,"href":"https:\/\/supernoticias.net\/index.php\/wp-json\/wp\/v2\/tags?post=263"}],"curies":[{"name":"wp","href":"https:\/\/api.w.org\/{rel}","templated":true}]}}