{"id":181,"date":"2023-12-08T08:34:50","date_gmt":"2023-12-08T11:34:50","guid":{"rendered":"https:\/\/supernoticias.net\/?p=181"},"modified":"2023-12-08T08:34:50","modified_gmt":"2023-12-08T11:34:50","slug":"veja-como-esse-lutador-ficou-depois-da-luta-veja-mais","status":"publish","type":"post","link":"https:\/\/supernoticias.net\/index.php\/2023\/12\/08\/veja-como-esse-lutador-ficou-depois-da-luta-veja-mais\/","title":{"rendered":"VEJA COMO ESSE LUTADOR FICOU DEPOIS DA LUTA &#8211; VEJA MAIS"},"content":{"rendered":"<div class=\"w-full text-token-text-primary\" data-testid=\"conversation-turn-99\">\n<div class=\"px-4 py-2 justify-center text-base md:gap-6 m-auto\">\n<div class=\"flex flex-1 text-base mx-auto gap-3 md:px-5 lg:px-1 xl:px-5 md:max-w-3xl lg:max-w-[40rem] xl:max-w-[48rem] } group\">\n<div class=\"relative flex w-full flex-col lg:w-[calc(100%-115px)] agent-turn\">\n<div class=\"flex-col gap-1 md:gap-3\">\n<div class=\"flex flex-grow flex-col max-w-full\">\n<div class=\"min-h-[20px] text-message flex flex-col items-start gap-3 whitespace-pre-wrap break-words [.text-message+&amp;]:mt-5 overflow-x-auto\" data-message-author-role=\"assistant\" data-message-id=\"a95b3f1f-aaee-45de-984f-2d9761b198f5\">\n<div class=\"markdown prose w-full break-words dark:prose-invert dark\">\n<p><span style=\"font-family: arial, helvetica, sans-serif;\">Mark Irwin teve a orelha esquerda gravemente danificada durante a luta, e o incha\u00e7o vis\u00edvel do mesmo lado chamou a aten\u00e7\u00e3o durante a revela\u00e7\u00e3o do resultado. O atleta norte-americano perdeu o confronto pelo t\u00edtulo nos galos no evento de boxe sem luvas, BYB 22, realizado recentemente em Denver, Colorado.<\/span><\/p>\n<figure id=\"attachment_183\" aria-describedby=\"caption-attachment-183\" style=\"width: 582px\" class=\"wp-caption aligncenter\"><img decoding=\"async\" class=\"wp-image-183 \" src=\"http:\/\/supernoticias.net\/wp-content\/uploads\/2023\/12\/mark-irwin-1-300x200.webp\" alt=\"Foto: BYB Extreme Bare Knuckle\" width=\"582\" height=\"388\" srcset=\"https:\/\/supernoticias.net\/wp-content\/uploads\/2023\/12\/mark-irwin-1-300x200.webp 300w, https:\/\/supernoticias.net\/wp-content\/uploads\/2023\/12\/mark-irwin-1-768x512.webp 768w, https:\/\/supernoticias.net\/wp-content\/uploads\/2023\/12\/mark-irwin-1.webp 984w\" sizes=\"(max-width: 582px) 100vw, 582px\" \/><figcaption id=\"caption-attachment-183\" class=\"wp-caption-text\">Foto: BYB Extreme Bare Knuckle<\/figcaption><\/figure>\n<p><span style=\"font-family: arial, helvetica, sans-serif;\"><strong>Sofrimento F\u00edsico em Destaque<\/strong><\/span><\/p>\n<p><span style=\"font-family: arial, helvetica, sans-serif;\">Durante o confronto intenso contra Julio Tonori, Irwin n\u00e3o apenas perdeu na decis\u00e3o majorit\u00e1ria, mas tamb\u00e9m enfrentou consequ\u00eancias f\u00edsicas significativas. Enquanto aguardava o an\u00fancio do resultado, o lado esquerdo de sua cabe\u00e7a mostrava incha\u00e7o vis\u00edvel, com a orelha sangrando abundantemente.<\/span><\/p>\n<figure id=\"attachment_184\" aria-describedby=\"caption-attachment-184\" style=\"width: 633px\" class=\"wp-caption aligncenter\"><img decoding=\"async\" class=\"wp-image-184 \" src=\"http:\/\/supernoticias.net\/wp-content\/uploads\/2023\/12\/mark-irwin-300x200.webp\" alt=\"\" width=\"633\" height=\"422\" srcset=\"https:\/\/supernoticias.net\/wp-content\/uploads\/2023\/12\/mark-irwin-300x200.webp 300w, https:\/\/supernoticias.net\/wp-content\/uploads\/2023\/12\/mark-irwin-768x512.webp 768w, https:\/\/supernoticias.net\/wp-content\/uploads\/2023\/12\/mark-irwin.webp 984w\" sizes=\"(max-width: 633px) 100vw, 633px\" \/><figcaption id=\"caption-attachment-184\" class=\"wp-caption-text\">Foto: BYB Extreme Bare Knuckle<\/figcaption><\/figure>\n<h3><span style=\"font-family: arial, helvetica, sans-serif;\"><strong>Preocupa\u00e7\u00f5es e Les\u00f5es Graves<\/strong><\/span><\/h3>\n<p><span style=\"font-family: arial, helvetica, sans-serif;\">Apesar do claro desconforto f\u00edsico, Irwin parecia mais concentrado na revela\u00e7\u00e3o do resultado do que em seu estado f\u00edsico. Em entrevista ao site \u201cMMA Junkie\u201d na \u00faltima quarta-feira, ele mencionou que ainda sente dores intensas e revelou ter sofrido fraturas na mand\u00edbula e na cavidade nasal durante o combate.<\/span><\/p>\n<p><span style=\"font-family: arial, helvetica, sans-serif;\">Para imagens, recomendaria a inclus\u00e3o de fotos do momento p\u00f3s-luta, mostrando o incha\u00e7o e a les\u00e3o na orelha de Irwin, talvez uma imagem de destaque do lutador antes da luta e uma foto representando o evento BYB 22.<\/span><\/p>\n<figure id=\"attachment_185\" aria-describedby=\"caption-attachment-185\" style=\"width: 625px\" class=\"wp-caption aligncenter\"><img decoding=\"async\" class=\"wp-image-185 \" src=\"http:\/\/supernoticias.net\/wp-content\/uploads\/2023\/12\/mark-irwin-2-300x232.webp\" alt=\"\" width=\"625\" height=\"483\" srcset=\"https:\/\/supernoticias.net\/wp-content\/uploads\/2023\/12\/mark-irwin-2-300x232.webp 300w, https:\/\/supernoticias.net\/wp-content\/uploads\/2023\/12\/mark-irwin-2-768x593.webp 768w, https:\/\/supernoticias.net\/wp-content\/uploads\/2023\/12\/mark-irwin-2.webp 984w\" sizes=\"(max-width: 625px) 100vw, 625px\" \/><figcaption id=\"caption-attachment-185\" class=\"wp-caption-text\">Foto: BYB Extreme Bare Knuckle<\/figcaption><\/figure>\n<\/div>\n<blockquote><p><span style=\"font-family: arial, helvetica, sans-serif; font-size: 18pt;\">LEIA TAMB\u00c9M:<a href=\"https:\/\/supernoticias.net\/index.php\/2023\/12\/04\/video-policial-militar-de-oros-ce-dispara-multiplos-tiros-e-mata-universitario-diante-de-duas-mocas-em-uirauna-pb\/\">V\u00cdDEO \u2013 Policial Militar de Or\u00f3s-CE dispara m\u00faltiplos tiros e mata universit\u00e1rio diante de duas mo\u00e7as em Uira\u00fana-PB<\/a><\/span><\/p><\/blockquote>\n<\/div>\n<\/div>\n<\/div>\n<\/div>\n<\/div>\n<\/div>\n<\/div>\n","protected":false},"excerpt":{"rendered":"<p>Mark Irwin teve a orelha esquerda gravemente danificada durante a luta, e o incha\u00e7o vis\u00edvel do mesmo lado chamou a aten\u00e7\u00e3o durante a revela\u00e7\u00e3o do resultado. O atleta norte-americano perdeu o confronto pelo t\u00edtulo nos galos no evento de boxe sem luvas, BYB 22, realizado recentemente em Denver, Colorado. Sofrimento F\u00edsico em Destaque Durante o [&hellip;]<\/p>\n","protected":false},"author":1,"featured_media":182,"comment_status":"closed","ping_status":"open","sticky":false,"template":"","format":"standard","meta":{"MSN_Categories":"Uncategorized","MSN_Publish_Option":false,"MSN_Is_Local_News":false,"MSN_Is_AIAC_Included":"Empty","MSN_Location":"[]","MSN_Add_Feature_Img_On_Top_Of_Post":false,"MSN_Has_Custom_Author":false,"MSN_Custom_Author":"","MSN_Has_Custom_Canonical_Url":false,"MSN_Custom_Canonical_Url":"","site-sidebar-layout":"default","site-content-layout":"","ast-site-content-layout":"default","site-content-style":"default","site-sidebar-style":"default","ast-global-header-display":"","ast-banner-title-visibility":"","ast-main-header-display":"","ast-hfb-above-header-display":"","ast-hfb-below-header-display":"","ast-hfb-mobile-header-display":"","site-post-title":"","ast-breadcrumbs-content":"","ast-featured-img":"","footer-sml-layout":"","theme-transparent-header-meta":"default","adv-header-id-meta":"","stick-header-meta":"","header-above-stick-meta":"","header-main-stick-meta":"","header-below-stick-meta":"","astra-migrate-meta-layouts":"set","ast-page-background-enabled":"default","ast-page-background-meta":{"desktop":{"background-color":"var(--ast-global-color-4)","background-image":"","background-repeat":"repeat","background-position":"center center","background-size":"auto","background-attachment":"scroll","background-type":"","background-media":"","overlay-type":"","overlay-color":"","overlay-opacity":"","overlay-gradient":""},"tablet":{"background-color":"","background-image":"","background-repeat":"repeat","background-position":"center center","background-size":"auto","background-attachment":"scroll","background-type":"","background-media":"","overlay-type":"","overlay-color":"","overlay-opacity":"","overlay-gradient":""},"mobile":{"background-color":"","background-image":"","background-repeat":"repeat","background-position":"center center","background-size":"auto","background-attachment":"scroll","background-type":"","background-media":"","overlay-type":"","overlay-color":"","overlay-opacity":"","overlay-gradient":""}},"ast-content-background-meta":{"desktop":{"background-color":"var(--ast-global-color-5)","background-image":"","background-repeat":"repeat","background-position":"center center","background-size":"auto","background-attachment":"scroll","background-type":"","background-media":"","overlay-type":"","overlay-color":"","overlay-opacity":"","overlay-gradient":""},"tablet":{"background-color":"var(--ast-global-color-5)","background-image":"","background-repeat":"repeat","background-position":"center center","background-size":"auto","background-attachment":"scroll","background-type":"","background-media":"","overlay-type":"","overlay-color":"","overlay-opacity":"","overlay-gradient":""},"mobile":{"background-color":"var(--ast-global-color-5)","background-image":"","background-repeat":"repeat","background-position":"center center","background-size":"auto","background-attachment":"scroll","background-type":"","background-media":"","overlay-type":"","overlay-color":"","overlay-opacity":"","overlay-gradient":""}},"footnotes":""},"categories":[1,14],"tags":[],"class_list":["post-181","post","type-post","status-publish","format-standard","has-post-thumbnail","hentry","category-blog","category-mundo"],"yoast_head":"<!-- This site is optimized with the Yoast SEO plugin v27.5 - https:\/\/yoast.com\/product\/yoast-seo-wordpress\/ -->\n<title>VEJA COMO ESSE LUTADOR FICOU DEPOIS DA LUTA - VEJA MAIS<\/title>\n<meta name=\"description\" content=\"Mark Irwin teve a orelha esquerda gravemente danificada durante a luta, e o incha\u00e7o vis\u00edvel do mesmo lado chamou a aten\u00e7\u00e3o durante a revela\u00e7\u00e3o...\" \/>\n<meta name=\"robots\" content=\"index, follow, max-snippet:-1, max-image-preview:large, max-video-preview:-1\" \/>\n<link rel=\"canonical\" href=\"https:\/\/supernoticias.net\/index.php\/2023\/12\/08\/veja-como-esse-lutador-ficou-depois-da-luta-veja-mais\/\" \/>\n<meta property=\"og:locale\" content=\"pt_BR\" \/>\n<meta property=\"og:type\" content=\"article\" \/>\n<meta property=\"og:title\" content=\"VEJA COMO ESSE LUTADOR FICOU DEPOIS DA LUTA - VEJA MAIS\" \/>\n<meta property=\"og:description\" content=\"Mark Irwin teve a orelha esquerda gravemente danificada durante a luta, e o incha\u00e7o vis\u00edvel do mesmo lado chamou a aten\u00e7\u00e3o durante a revela\u00e7\u00e3o...\" \/>\n<meta property=\"og:url\" content=\"https:\/\/supernoticias.net\/index.php\/2023\/12\/08\/veja-como-esse-lutador-ficou-depois-da-luta-veja-mais\/\" \/>\n<meta property=\"og:site_name\" content=\"supernoticias.net\" \/>\n<meta property=\"article:published_time\" content=\"2023-12-08T11:34:50+00:00\" \/>\n<meta property=\"og:image\" content=\"http:\/\/supernoticias.net\/wp-content\/uploads\/2023\/12\/2-1024x512.png\" \/>\n\t<meta property=\"og:image:width\" content=\"1024\" \/>\n\t<meta property=\"og:image:height\" content=\"512\" \/>\n\t<meta property=\"og:image:type\" content=\"image\/png\" \/>\n<meta name=\"author\" content=\"Bruno\" \/>\n<meta name=\"twitter:card\" content=\"summary_large_image\" \/>\n<meta name=\"twitter:label1\" content=\"Escrito por\" \/>\n\t<meta name=\"twitter:data1\" content=\"Bruno\" \/>\n\t<meta name=\"twitter:label2\" content=\"Est. tempo de leitura\" \/>\n\t<meta name=\"twitter:data2\" content=\"2 minutos\" \/>\n<script type=\"application\/ld+json\" class=\"yoast-schema-graph\">{\"@context\":\"https:\\\/\\\/schema.org\",\"@graph\":[{\"@type\":\"Article\",\"@id\":\"https:\\\/\\\/supernoticias.net\\\/index.php\\\/2023\\\/12\\\/08\\\/veja-como-esse-lutador-ficou-depois-da-luta-veja-mais\\\/#article\",\"isPartOf\":{\"@id\":\"https:\\\/\\\/supernoticias.net\\\/index.php\\\/2023\\\/12\\\/08\\\/veja-como-esse-lutador-ficou-depois-da-luta-veja-mais\\\/\"},\"author\":{\"name\":\"Bruno\",\"@id\":\"https:\\\/\\\/supernoticias.net\\\/#\\\/schema\\\/person\\\/cf0d24eb7c56347e2c0db9d7f7bc9cb7\"},\"headline\":\"VEJA COMO ESSE LUTADOR FICOU DEPOIS DA LUTA &#8211; VEJA MAIS\",\"datePublished\":\"2023-12-08T11:34:50+00:00\",\"mainEntityOfPage\":{\"@id\":\"https:\\\/\\\/supernoticias.net\\\/index.php\\\/2023\\\/12\\\/08\\\/veja-como-esse-lutador-ficou-depois-da-luta-veja-mais\\\/\"},\"wordCount\":281,\"image\":{\"@id\":\"https:\\\/\\\/supernoticias.net\\\/index.php\\\/2023\\\/12\\\/08\\\/veja-como-esse-lutador-ficou-depois-da-luta-veja-mais\\\/#primaryimage\"},\"thumbnailUrl\":\"https:\\\/\\\/supernoticias.net\\\/wp-content\\\/uploads\\\/2023\\\/12\\\/2.png\",\"articleSection\":[\"Blog\",\"MUNDO\"],\"inLanguage\":\"pt-BR\"},{\"@type\":\"WebPage\",\"@id\":\"https:\\\/\\\/supernoticias.net\\\/index.php\\\/2023\\\/12\\\/08\\\/veja-como-esse-lutador-ficou-depois-da-luta-veja-mais\\\/\",\"url\":\"https:\\\/\\\/supernoticias.net\\\/index.php\\\/2023\\\/12\\\/08\\\/veja-como-esse-lutador-ficou-depois-da-luta-veja-mais\\\/\",\"name\":\"VEJA COMO ESSE LUTADOR FICOU DEPOIS DA LUTA - VEJA MAIS\",\"isPartOf\":{\"@id\":\"https:\\\/\\\/supernoticias.net\\\/#website\"},\"primaryImageOfPage\":{\"@id\":\"https:\\\/\\\/supernoticias.net\\\/index.php\\\/2023\\\/12\\\/08\\\/veja-como-esse-lutador-ficou-depois-da-luta-veja-mais\\\/#primaryimage\"},\"image\":{\"@id\":\"https:\\\/\\\/supernoticias.net\\\/index.php\\\/2023\\\/12\\\/08\\\/veja-como-esse-lutador-ficou-depois-da-luta-veja-mais\\\/#primaryimage\"},\"thumbnailUrl\":\"https:\\\/\\\/supernoticias.net\\\/wp-content\\\/uploads\\\/2023\\\/12\\\/2.png\",\"datePublished\":\"2023-12-08T11:34:50+00:00\",\"author\":{\"@id\":\"https:\\\/\\\/supernoticias.net\\\/#\\\/schema\\\/person\\\/cf0d24eb7c56347e2c0db9d7f7bc9cb7\"},\"description\":\"Mark Irwin teve a orelha esquerda gravemente danificada durante a luta, e o incha\u00e7o vis\u00edvel do mesmo lado chamou a aten\u00e7\u00e3o durante a revela\u00e7\u00e3o...\",\"breadcrumb\":{\"@id\":\"https:\\\/\\\/supernoticias.net\\\/index.php\\\/2023\\\/12\\\/08\\\/veja-como-esse-lutador-ficou-depois-da-luta-veja-mais\\\/#breadcrumb\"},\"inLanguage\":\"pt-BR\",\"potentialAction\":[{\"@type\":\"ReadAction\",\"target\":[\"https:\\\/\\\/supernoticias.net\\\/index.php\\\/2023\\\/12\\\/08\\\/veja-como-esse-lutador-ficou-depois-da-luta-veja-mais\\\/\"]}]},{\"@type\":\"ImageObject\",\"inLanguage\":\"pt-BR\",\"@id\":\"https:\\\/\\\/supernoticias.net\\\/index.php\\\/2023\\\/12\\\/08\\\/veja-como-esse-lutador-ficou-depois-da-luta-veja-mais\\\/#primaryimage\",\"url\":\"https:\\\/\\\/supernoticias.net\\\/wp-content\\\/uploads\\\/2023\\\/12\\\/2.png\",\"contentUrl\":\"https:\\\/\\\/supernoticias.net\\\/wp-content\\\/uploads\\\/2023\\\/12\\\/2.png\",\"width\":6912,\"height\":3456},{\"@type\":\"BreadcrumbList\",\"@id\":\"https:\\\/\\\/supernoticias.net\\\/index.php\\\/2023\\\/12\\\/08\\\/veja-como-esse-lutador-ficou-depois-da-luta-veja-mais\\\/#breadcrumb\",\"itemListElement\":[{\"@type\":\"ListItem\",\"position\":1,\"name\":\"In\u00edcio\",\"item\":\"https:\\\/\\\/supernoticias.net\\\/\"},{\"@type\":\"ListItem\",\"position\":2,\"name\":\"VEJA COMO ESSE LUTADOR FICOU DEPOIS DA LUTA &#8211; VEJA MAIS\"}]},{\"@type\":\"WebSite\",\"@id\":\"https:\\\/\\\/supernoticias.net\\\/#website\",\"url\":\"https:\\\/\\\/supernoticias.net\\\/\",\"name\":\"supernoticias.net\",\"description\":\"\",\"potentialAction\":[{\"@type\":\"SearchAction\",\"target\":{\"@type\":\"EntryPoint\",\"urlTemplate\":\"https:\\\/\\\/supernoticias.net\\\/?s={search_term_string}\"},\"query-input\":{\"@type\":\"PropertyValueSpecification\",\"valueRequired\":true,\"valueName\":\"search_term_string\"}}],\"inLanguage\":\"pt-BR\"},{\"@type\":\"Person\",\"@id\":\"https:\\\/\\\/supernoticias.net\\\/#\\\/schema\\\/person\\\/cf0d24eb7c56347e2c0db9d7f7bc9cb7\",\"name\":\"Bruno\",\"image\":{\"@type\":\"ImageObject\",\"inLanguage\":\"pt-BR\",\"@id\":\"https:\\\/\\\/secure.gravatar.com\\\/avatar\\\/2c39a4009fb499599500069d233a2415e43ff93345eb179bfd2d06e2e7871622?s=96&d=mm&r=g\",\"url\":\"https:\\\/\\\/secure.gravatar.com\\\/avatar\\\/2c39a4009fb499599500069d233a2415e43ff93345eb179bfd2d06e2e7871622?s=96&d=mm&r=g\",\"contentUrl\":\"https:\\\/\\\/secure.gravatar.com\\\/avatar\\\/2c39a4009fb499599500069d233a2415e43ff93345eb179bfd2d06e2e7871622?s=96&d=mm&r=g\",\"caption\":\"Bruno\"},\"sameAs\":[\"http:\\\/\\\/supernoticias.net\"],\"url\":\"https:\\\/\\\/supernoticias.net\\\/index.php\\\/author\\\/supernoticias-net\\\/\"}]}<\/script>\n<!-- \/ Yoast SEO plugin. -->","yoast_head_json":{"title":"VEJA COMO ESSE LUTADOR FICOU DEPOIS DA LUTA - VEJA MAIS","description":"Mark Irwin teve a orelha esquerda gravemente danificada durante a luta, e o incha\u00e7o vis\u00edvel do mesmo lado chamou a aten\u00e7\u00e3o durante a revela\u00e7\u00e3o...","robots":{"index":"index","follow":"follow","max-snippet":"max-snippet:-1","max-image-preview":"max-image-preview:large","max-video-preview":"max-video-preview:-1"},"canonical":"https:\/\/supernoticias.net\/index.php\/2023\/12\/08\/veja-como-esse-lutador-ficou-depois-da-luta-veja-mais\/","og_locale":"pt_BR","og_type":"article","og_title":"VEJA COMO ESSE LUTADOR FICOU DEPOIS DA LUTA - VEJA MAIS","og_description":"Mark Irwin teve a orelha esquerda gravemente danificada durante a luta, e o incha\u00e7o vis\u00edvel do mesmo lado chamou a aten\u00e7\u00e3o durante a revela\u00e7\u00e3o...","og_url":"https:\/\/supernoticias.net\/index.php\/2023\/12\/08\/veja-como-esse-lutador-ficou-depois-da-luta-veja-mais\/","og_site_name":"supernoticias.net","article_published_time":"2023-12-08T11:34:50+00:00","og_image":[{"width":1024,"height":512,"url":"http:\/\/supernoticias.net\/wp-content\/uploads\/2023\/12\/2-1024x512.png","type":"image\/png"}],"author":"Bruno","twitter_card":"summary_large_image","twitter_misc":{"Escrito por":"Bruno","Est. tempo de leitura":"2 minutos"},"schema":{"@context":"https:\/\/schema.org","@graph":[{"@type":"Article","@id":"https:\/\/supernoticias.net\/index.php\/2023\/12\/08\/veja-como-esse-lutador-ficou-depois-da-luta-veja-mais\/#article","isPartOf":{"@id":"https:\/\/supernoticias.net\/index.php\/2023\/12\/08\/veja-como-esse-lutador-ficou-depois-da-luta-veja-mais\/"},"author":{"name":"Bruno","@id":"https:\/\/supernoticias.net\/#\/schema\/person\/cf0d24eb7c56347e2c0db9d7f7bc9cb7"},"headline":"VEJA COMO ESSE LUTADOR FICOU DEPOIS DA LUTA &#8211; VEJA MAIS","datePublished":"2023-12-08T11:34:50+00:00","mainEntityOfPage":{"@id":"https:\/\/supernoticias.net\/index.php\/2023\/12\/08\/veja-como-esse-lutador-ficou-depois-da-luta-veja-mais\/"},"wordCount":281,"image":{"@id":"https:\/\/supernoticias.net\/index.php\/2023\/12\/08\/veja-como-esse-lutador-ficou-depois-da-luta-veja-mais\/#primaryimage"},"thumbnailUrl":"https:\/\/supernoticias.net\/wp-content\/uploads\/2023\/12\/2.png","articleSection":["Blog","MUNDO"],"inLanguage":"pt-BR"},{"@type":"WebPage","@id":"https:\/\/supernoticias.net\/index.php\/2023\/12\/08\/veja-como-esse-lutador-ficou-depois-da-luta-veja-mais\/","url":"https:\/\/supernoticias.net\/index.php\/2023\/12\/08\/veja-como-esse-lutador-ficou-depois-da-luta-veja-mais\/","name":"VEJA COMO ESSE LUTADOR FICOU DEPOIS DA LUTA - VEJA MAIS","isPartOf":{"@id":"https:\/\/supernoticias.net\/#website"},"primaryImageOfPage":{"@id":"https:\/\/supernoticias.net\/index.php\/2023\/12\/08\/veja-como-esse-lutador-ficou-depois-da-luta-veja-mais\/#primaryimage"},"image":{"@id":"https:\/\/supernoticias.net\/index.php\/2023\/12\/08\/veja-como-esse-lutador-ficou-depois-da-luta-veja-mais\/#primaryimage"},"thumbnailUrl":"https:\/\/supernoticias.net\/wp-content\/uploads\/2023\/12\/2.png","datePublished":"2023-12-08T11:34:50+00:00","author":{"@id":"https:\/\/supernoticias.net\/#\/schema\/person\/cf0d24eb7c56347e2c0db9d7f7bc9cb7"},"description":"Mark Irwin teve a orelha esquerda gravemente danificada durante a luta, e o incha\u00e7o vis\u00edvel do mesmo lado chamou a aten\u00e7\u00e3o durante a revela\u00e7\u00e3o...","breadcrumb":{"@id":"https:\/\/supernoticias.net\/index.php\/2023\/12\/08\/veja-como-esse-lutador-ficou-depois-da-luta-veja-mais\/#breadcrumb"},"inLanguage":"pt-BR","potentialAction":[{"@type":"ReadAction","target":["https:\/\/supernoticias.net\/index.php\/2023\/12\/08\/veja-como-esse-lutador-ficou-depois-da-luta-veja-mais\/"]}]},{"@type":"ImageObject","inLanguage":"pt-BR","@id":"https:\/\/supernoticias.net\/index.php\/2023\/12\/08\/veja-como-esse-lutador-ficou-depois-da-luta-veja-mais\/#primaryimage","url":"https:\/\/supernoticias.net\/wp-content\/uploads\/2023\/12\/2.png","contentUrl":"https:\/\/supernoticias.net\/wp-content\/uploads\/2023\/12\/2.png","width":6912,"height":3456},{"@type":"BreadcrumbList","@id":"https:\/\/supernoticias.net\/index.php\/2023\/12\/08\/veja-como-esse-lutador-ficou-depois-da-luta-veja-mais\/#breadcrumb","itemListElement":[{"@type":"ListItem","position":1,"name":"In\u00edcio","item":"https:\/\/supernoticias.net\/"},{"@type":"ListItem","position":2,"name":"VEJA COMO ESSE LUTADOR FICOU DEPOIS DA LUTA &#8211; VEJA MAIS"}]},{"@type":"WebSite","@id":"https:\/\/supernoticias.net\/#website","url":"https:\/\/supernoticias.net\/","name":"supernoticias.net","description":"","potentialAction":[{"@type":"SearchAction","target":{"@type":"EntryPoint","urlTemplate":"https:\/\/supernoticias.net\/?s={search_term_string}"},"query-input":{"@type":"PropertyValueSpecification","valueRequired":true,"valueName":"search_term_string"}}],"inLanguage":"pt-BR"},{"@type":"Person","@id":"https:\/\/supernoticias.net\/#\/schema\/person\/cf0d24eb7c56347e2c0db9d7f7bc9cb7","name":"Bruno","image":{"@type":"ImageObject","inLanguage":"pt-BR","@id":"https:\/\/secure.gravatar.com\/avatar\/2c39a4009fb499599500069d233a2415e43ff93345eb179bfd2d06e2e7871622?s=96&d=mm&r=g","url":"https:\/\/secure.gravatar.com\/avatar\/2c39a4009fb499599500069d233a2415e43ff93345eb179bfd2d06e2e7871622?s=96&d=mm&r=g","contentUrl":"https:\/\/secure.gravatar.com\/avatar\/2c39a4009fb499599500069d233a2415e43ff93345eb179bfd2d06e2e7871622?s=96&d=mm&r=g","caption":"Bruno"},"sameAs":["http:\/\/supernoticias.net"],"url":"https:\/\/supernoticias.net\/index.php\/author\/supernoticias-net\/"}]}},"_links":{"self":[{"href":"https:\/\/supernoticias.net\/index.php\/wp-json\/wp\/v2\/posts\/181","targetHints":{"allow":["GET"]}}],"collection":[{"href":"https:\/\/supernoticias.net\/index.php\/wp-json\/wp\/v2\/posts"}],"about":[{"href":"https:\/\/supernoticias.net\/index.php\/wp-json\/wp\/v2\/types\/post"}],"author":[{"embeddable":true,"href":"https:\/\/supernoticias.net\/index.php\/wp-json\/wp\/v2\/users\/1"}],"replies":[{"embeddable":true,"href":"https:\/\/supernoticias.net\/index.php\/wp-json\/wp\/v2\/comments?post=181"}],"version-history":[{"count":2,"href":"https:\/\/supernoticias.net\/index.php\/wp-json\/wp\/v2\/posts\/181\/revisions"}],"predecessor-version":[{"id":223,"href":"https:\/\/supernoticias.net\/index.php\/wp-json\/wp\/v2\/posts\/181\/revisions\/223"}],"wp:featuredmedia":[{"embeddable":true,"href":"https:\/\/supernoticias.net\/index.php\/wp-json\/wp\/v2\/media\/182"}],"wp:attachment":[{"href":"https:\/\/supernoticias.net\/index.php\/wp-json\/wp\/v2\/media?parent=181"}],"wp:term":[{"taxonomy":"category","embeddable":true,"href":"https:\/\/supernoticias.net\/index.php\/wp-json\/wp\/v2\/categories?post=181"},{"taxonomy":"post_tag","embeddable":true,"href":"https:\/\/supernoticias.net\/index.php\/wp-json\/wp\/v2\/tags?post=181"}],"curies":[{"name":"wp","href":"https:\/\/api.w.org\/{rel}","templated":true}]}}