{"id":130,"date":"2023-10-31T08:52:44","date_gmt":"2023-10-31T11:52:44","guid":{"rendered":"https:\/\/supernoticias.net\/?p=130"},"modified":"2023-10-31T08:52:44","modified_gmt":"2023-10-31T11:52:44","slug":"cataratas-do-iguacu","status":"publish","type":"post","link":"https:\/\/supernoticias.net\/index.php\/2023\/10\/31\/cataratas-do-iguacu\/","title":{"rendered":"Veja esse v\u00eddeo IMPRESSIONANTE das Cataratas do Igua\u00e7u&#8230; VEJA MAIS"},"content":{"rendered":"<h3 class=\"content-head__subtitle\"><span style=\"font-family: arial, helvetica, sans-serif;\"><span id=\"paraphrase-3873325090\" class=\"paraphrase\"><span class=\"added\">A<\/span> Copel <span class=\"added\">monitora<\/span> <span class=\"added\">automaticamente<\/span> desde 1997. <span class=\"added\"><span id=\"synonym-0698546642\" class=\"synonyms\">A quantidade<\/span><\/span> de <span id=\"synonym-1247752884\" class=\"synonyms\">\u00e1gua<\/span> <span class=\"added\"><span id=\"synonym-3621354147\" class=\"synonyms\">registrada<\/span><\/span> <span id=\"synonym-1115230013\" class=\"synonyms\">dobrou<\/span> em menos de um dia. <\/span><span id=\"paraphrase-1214947862\" class=\"paraphrase\"><span class=\"added\"><span id=\"synonym-9300221908\" class=\"synonyms\">Os passeios<\/span><\/span> <span class=\"added\">tur\u00edsticos<\/span> de <span class=\"added\"><span id=\"synonym-9586822788\" class=\"synonyms\">bote<\/span><\/span> <span class=\"added\">foram<\/span> <span class=\"added\"><span id=\"synonym-9593935686\" class=\"synonyms\">cancelados<\/span><\/span>.<\/span><\/span><\/h3>\n<p>&nbsp;<\/p>\n<p class=\" content-text__container \" data-track-category=\"Link no Texto\" data-track-links=\"\"><span style=\"font-family: arial, helvetica, sans-serif;\"><span id=\"paraphrase-2254536447\" class=\"paraphrase\">As <span class=\"added\"><span id=\"synonym-9744125168\" class=\"synonyms\">cataratas<\/span><\/span> do Igua\u00e7u, em <span class=\"added\"><span id=\"synonym-0963319744\" class=\"synonyms\">Desembocadura<\/span><\/span> do Igua\u00e7u, <span id=\"synonym-1173776921\" class=\"synonyms\">oeste<\/span> do <span id=\"synonym-4278433604\" class=\"synonyms\">Paran\u00e1<\/span>, <span id=\"synonym-1759103227\" class=\"synonyms\">registraram<\/span> neste domingo (29), a segunda maior vaz\u00e3o desde 1997, quando <span class=\"added\"><span id=\"synonym-0036100221\" class=\"synonyms\">come\u00e7ou<\/span><\/span> o monitoramento hidrol\u00f3gico autom\u00e1tico <span class=\"added\"><span id=\"synonym-7985745637\" class=\"synonyms\">da empresa<\/span><\/span> Paranaense de <span class=\"added\"><span id=\"synonym-8245302006\" class=\"synonyms\">Vitalidade<\/span><\/span> (Copel).<\/span> <span id=\"paraphrase-6541065584\" class=\"paraphrase\">\u00c0s 15h eram 18,6 milh\u00f5es de litros por segundo.<\/span><\/span><\/p>\n<p><span style=\"font-family: arial, helvetica, sans-serif;\"><span id=\"paraphrase-3430320673\" class=\"paraphrase\">As <span class=\"added\"><span id=\"synonym-8889763146\" class=\"synonyms\">cachoeiras<\/span><\/span> do Igua\u00e7u <span class=\"added\"><span id=\"synonym-0196870363\" class=\"synonyms\">registrar<\/span><\/span> <span class=\"added\">uma<\/span> <span class=\"added\">vaz\u00e3o<\/span> <span class=\"added\">total<\/span> de 24 milh\u00f5es de litros por segundo<span class=\"added\">; este foi o n\u00edvel mais <span id=\"synonym-4695671489\" class=\"synonyms\">alto<\/span> em nove anos<\/span>.<\/span> <span id=\"paraphrase-4033307112\" class=\"paraphrase\">Em 2014, <span class=\"added\">o<\/span> <span class=\"added\">consumo<\/span> <span class=\"added\">de<\/span> <span class=\"added\"><span id=\"synonym-4637529279\" class=\"synonyms\">\u00e1gua<\/span><\/span> <span class=\"added\"><span id=\"synonym-9280731311\" class=\"synonyms\">atingiu<\/span> <\/span>45 milh\u00f5es de litros por segundo.<\/span><\/span><\/p>\n<p><span id=\"paraphrase-4656224658\" class=\"paraphrase\" style=\"font-family: arial, helvetica, sans-serif;\">Segundo o <span id=\"synonym-7040190219\" class=\"synonyms\">parque<\/span>, <span class=\"added\"><span id=\"synonym-4313272357\" class=\"synonyms\">a quantidade<\/span><\/span> \u00e9 de 1,5 <span class=\"added\"><span id=\"synonym-4604034642\" class=\"synonyms\">zilh\u00e3o<\/span><\/span> de litros por segundo<span class=\"added\">, 16 vezes superior \u00e0 <span id=\"synonym-6218678978\" class=\"synonyms\">m\u00e9dia<\/span> <span id=\"synonym-8860820484\" class=\"synonyms\">normal<\/span><\/span>.<\/span><\/p>\n<figure id=\"attachment_133\" aria-describedby=\"caption-attachment-133\" style=\"width: 735px\" class=\"wp-caption aligncenter\"><img decoding=\"async\" class=\" wp-image-133\" src=\"http:\/\/supernoticias.net\/wp-content\/uploads\/2023\/10\/cataratas3110a-300x169.jpg\" alt=\"\" width=\"735\" height=\"414\" srcset=\"https:\/\/supernoticias.net\/wp-content\/uploads\/2023\/10\/cataratas3110a-300x169.jpg 300w, https:\/\/supernoticias.net\/wp-content\/uploads\/2023\/10\/cataratas3110a-1024x576.jpg 1024w, https:\/\/supernoticias.net\/wp-content\/uploads\/2023\/10\/cataratas3110a-768x432.jpg 768w, https:\/\/supernoticias.net\/wp-content\/uploads\/2023\/10\/cataratas3110a-1536x864.jpg 1536w, https:\/\/supernoticias.net\/wp-content\/uploads\/2023\/10\/cataratas3110a.jpg 1600w\" sizes=\"(max-width: 735px) 100vw, 735px\" \/><figcaption id=\"caption-attachment-133\" class=\"wp-caption-text\">CHRISTIAN RIZZI\/AFP\/METSUL METEOROLOGIA<br \/><a href=\"https:\/\/metsul.com\/fotos-veja-a-furia-das-aguas-nas-cataratas-do-iguacu\/\">https:\/\/metsul.com\/fotos-veja-a-furia-das-aguas-nas-cataratas-do-iguacu\/<\/a><\/figcaption><\/figure>\n<p class=\" content-text__container \" data-track-category=\"Link no Texto\" data-track-links=\"\"><span id=\"paraphrase-8672670079\" class=\"paraphrase\" style=\"font-family: arial, helvetica, sans-serif;\">Devido <span class=\"added\">ao<\/span> <span class=\"added\">grande<\/span> <span class=\"added\"><span id=\"synonym-9337117555\" class=\"synonyms\">volume<\/span> <\/span>de <span id=\"synonym-3084863481\" class=\"synonyms\">\u00e1gua<\/span> na <span id=\"synonym-2894687947\" class=\"synonyms\">manh\u00e3<\/span> deste domingo (29)<span class=\"added\">,<\/span> a passarela mais <span id=\"synonym-0100348140\" class=\"synonyms\">pr\u00f3xima<\/span> das <span class=\"added\"><span id=\"synonym-6878713790\" class=\"synonyms\">cachoeiras<\/span><\/span> foi <span id=\"synonym-3328598090\" class=\"synonyms\">fechada<\/span> <span id=\"synonym-4503569144\" class=\"synonyms\">temporariamente<\/span>.<\/span><\/p>\n<p class=\" content-text__container \" data-track-category=\"Link no Texto\" data-track-links=\"\"><span style=\"font-family: arial, helvetica, sans-serif;\"><span id=\"paraphrase-3111074263\" class=\"paraphrase\"><span class=\"added\"><span id=\"synonym-9915339353\" class=\"synonyms\">O an\u00fancio<\/span><\/span> foi <span id=\"synonym-2692747223\" class=\"synonyms\">feito<\/span> pela concession\u00e1ria que <span id=\"synonym-1002662725\" class=\"synonyms\">administra<\/span> <span class=\"added\">as<\/span> <span class=\"added\">visitas<\/span> <span class=\"added\">ao<\/span> <span class=\"added\"><span id=\"synonym-2033020297\" class=\"synonyms\">parque<\/span> <\/span>Nacional do Igua\u00e7u.<\/span> <span id=\"paraphrase-1941707270\" class=\"paraphrase\"><span class=\"added\">Como<\/span> <span class=\"added\">parte<\/span> <span class=\"added\">do<\/span> <span class=\"added\"><span id=\"synonym-3395571112\" class=\"synonyms\">protocolo<\/span><\/span> <span class=\"added\">de <span id=\"synonym-4094407109\" class=\"synonyms\">seguran\u00e7a<\/span>, <span id=\"synonym-2504439704\" class=\"synonyms\">as grades<\/span> <span id=\"synonym-2671201811\" class=\"synonyms\">da cal\u00e7ada<\/span> <\/span>tamb\u00e9m foram <span class=\"added\">removidas<\/span> por <span id=\"synonym-3384507527\" class=\"synonyms\">t\u00e9cnicos<\/span>.<\/span><\/span><\/p>\n<p class=\" content-text__container \" data-track-category=\"Link no Texto\" data-track-links=\"\"><span id=\"paraphrase-9952183873\" class=\"paraphrase\" style=\"font-family: arial, helvetica, sans-serif;\"><span class=\"added\">Segundo<\/span> a concession\u00e1ria, <span class=\"added\"><span id=\"synonym-9430638581\" class=\"synonyms\">o acesso<\/span><\/span> <span class=\"added\"><span id=\"synonym-4069951030\" class=\"synonyms\">ao corredor<\/span><\/span> <span class=\"added\"><span id=\"synonym-0825267762\" class=\"synonyms\">poder<\/span><\/span> <span class=\"added\">ser<\/span> <span class=\"added\">aberto<\/span> <span class=\"added\">ao<\/span> <span class=\"added\">longo<\/span> <span class=\"added\">da<\/span> <span class=\"added\">semana<\/span> <span class=\"added\"><span id=\"synonym-4576120226\" class=\"synonyms\">caso<\/span><\/span> <span class=\"added\"><span id=\"synonym-4211735709\" class=\"synonyms\">o caudal<\/span><\/span> <span class=\"added\">de<\/span> <span class=\"added\">\u00e1gua<\/span> <span class=\"added\"><span id=\"synonym-1868487255\" class=\"synonyms\">diminu\u00edsse<\/span><\/span>, <span class=\"added\"><span id=\"synonym-8874489433\" class=\"synonyms\">atingindo<\/span><\/span> <span class=\"added\">uma<\/span> <span id=\"synonym-5943305736\" class=\"synonyms\">m\u00e9dia<\/span> de 7 a 8 milh\u00f5es de litros de \u00e1gua por segundo, n\u00e3o <span class=\"added\">sendo<\/span> <span class=\"added\"><span id=\"synonym-9658335808\" class=\"synonyms\">esperados<\/span><\/span> <span class=\"added\">novos<\/span> <span class=\"added\"><span id=\"synonym-2140284756\" class=\"synonyms\">incrementos<\/span><\/span>.<\/span><\/p>\n<p class=\" content-text__container \" data-track-category=\"Link no Texto\" data-track-links=\"\"><span id=\"paraphrase-6664604587\" class=\"paraphrase\" style=\"font-family: arial, helvetica, sans-serif;\"><span class=\"added\">Al\u00e9m<\/span> <span class=\"added\">disso,<\/span> <span class=\"added\">segundo<\/span> a concession\u00e1ria, <span class=\"added\">Este<\/span> <span id=\"synonym-5788942218\" class=\"synonyms\">parque<\/span> est\u00e1 aberto <span class=\"added\">aos<\/span> <span class=\"added\"><span id=\"synonym-7583728597\" class=\"synonyms\">turistas<\/span>.<\/span> <span class=\"added\"><span id=\"synonym-7143689344\" class=\"synonyms\">Inclui<\/span><\/span> <span class=\"added\">todos<\/span> os mirantes <span class=\"added\"><span id=\"synonym-9073544846\" class=\"synonyms\">da trilha<\/span><\/span> das <span class=\"added\"><span id=\"synonym-7971046940\" class=\"synonyms\">cachoeiras<\/span><\/span>.<\/span><\/p>\n<p class=\" content-text__container \" data-track-category=\"Link no Texto\" data-track-links=\"\"><span id=\"paraphrase-5494977456\" class=\"paraphrase\" style=\"font-family: arial, helvetica, sans-serif;\"><span class=\"added\">Al\u00e9m<\/span> <span class=\"added\">disso, <\/span>como parte das medidas de <span id=\"synonym-3188002403\" class=\"synonyms\">seguran\u00e7a<\/span>, <span class=\"added\"><span id=\"synonym-5190696364\" class=\"synonyms\">o passeio<\/span><\/span> de <span id=\"synonym-7336655238\" class=\"synonyms\">barco<\/span> Macuco <span class=\"added\"><span id=\"synonym-0331428018\" class=\"synonyms\">Saf\u00e1ri<\/span><\/span> foi suspenso neste domingo.<\/span><\/p>\n<p data-track-category=\"Link no Texto\" data-track-links=\"\">VEJA TAMB\u00c9M:\u00a0<a href=\"https:\/\/supernoticias.net\/index.php\/2023\/10\/04\/a-policia-conclui-isso-sobre-queda-do-aviao-com-marilia-mendonca-veja-mais\/\">A pol\u00edcia conclui ISSO sobre queda do avi\u00e3o com Mar\u00edlia Mendon\u00e7a\u2026 VEJA MAIS<\/a><\/p>\n<p data-track-category=\"Link no Texto\" data-track-links=\"\"><iframe src=\"\/\/www.youtube.com\/embed\/VqTbnTen_j0\" width=\"560\" height=\"314\" allowfullscreen=\"allowfullscreen\"><\/iframe><\/p>\n","protected":false},"excerpt":{"rendered":"<p>A Copel monitora automaticamente desde 1997. A quantidade de \u00e1gua registrada dobrou em menos de um dia. Os passeios tur\u00edsticos de bote foram cancelados. &nbsp; As cataratas do Igua\u00e7u, em Desembocadura do Igua\u00e7u, oeste do Paran\u00e1, registraram neste domingo (29), a segunda maior vaz\u00e3o desde 1997, quando come\u00e7ou o monitoramento hidrol\u00f3gico autom\u00e1tico da empresa Paranaense [&hellip;]<\/p>\n","protected":false},"author":1,"featured_media":132,"comment_status":"closed","ping_status":"open","sticky":false,"template":"","format":"standard","meta":{"MSN_Categories":"Uncategorized","MSN_Publish_Option":false,"MSN_Is_Local_News":false,"MSN_Is_AIAC_Included":"Empty","MSN_Location":"[]","MSN_Add_Feature_Img_On_Top_Of_Post":false,"MSN_Has_Custom_Author":false,"MSN_Custom_Author":"","MSN_Has_Custom_Canonical_Url":false,"MSN_Custom_Canonical_Url":"","site-sidebar-layout":"default","site-content-layout":"","ast-site-content-layout":"default","site-content-style":"default","site-sidebar-style":"default","ast-global-header-display":"","ast-banner-title-visibility":"","ast-main-header-display":"","ast-hfb-above-header-display":"","ast-hfb-below-header-display":"","ast-hfb-mobile-header-display":"","site-post-title":"","ast-breadcrumbs-content":"","ast-featured-img":"","footer-sml-layout":"","theme-transparent-header-meta":"default","adv-header-id-meta":"","stick-header-meta":"","header-above-stick-meta":"","header-main-stick-meta":"","header-below-stick-meta":"","astra-migrate-meta-layouts":"set","ast-page-background-enabled":"default","ast-page-background-meta":{"desktop":{"background-color":"var(--ast-global-color-4)","background-image":"","background-repeat":"repeat","background-position":"center center","background-size":"auto","background-attachment":"scroll","background-type":"","background-media":"","overlay-type":"","overlay-color":"","overlay-opacity":"","overlay-gradient":""},"tablet":{"background-color":"","background-image":"","background-repeat":"repeat","background-position":"center center","background-size":"auto","background-attachment":"scroll","background-type":"","background-media":"","overlay-type":"","overlay-color":"","overlay-opacity":"","overlay-gradient":""},"mobile":{"background-color":"","background-image":"","background-repeat":"repeat","background-position":"center center","background-size":"auto","background-attachment":"scroll","background-type":"","background-media":"","overlay-type":"","overlay-color":"","overlay-opacity":"","overlay-gradient":""}},"ast-content-background-meta":{"desktop":{"background-color":"var(--ast-global-color-5)","background-image":"","background-repeat":"repeat","background-position":"center center","background-size":"auto","background-attachment":"scroll","background-type":"","background-media":"","overlay-type":"","overlay-color":"","overlay-opacity":"","overlay-gradient":""},"tablet":{"background-color":"var(--ast-global-color-5)","background-image":"","background-repeat":"repeat","background-position":"center center","background-size":"auto","background-attachment":"scroll","background-type":"","background-media":"","overlay-type":"","overlay-color":"","overlay-opacity":"","overlay-gradient":""},"mobile":{"background-color":"var(--ast-global-color-5)","background-image":"","background-repeat":"repeat","background-position":"center center","background-size":"auto","background-attachment":"scroll","background-type":"","background-media":"","overlay-type":"","overlay-color":"","overlay-opacity":"","overlay-gradient":""}},"footnotes":""},"categories":[1,12,14],"tags":[],"class_list":["post-130","post","type-post","status-publish","format-standard","has-post-thumbnail","hentry","category-blog","category-curiosidades","category-mundo"],"yoast_head":"<!-- This site is optimized with the Yoast SEO plugin v27.5 - https:\/\/yoast.com\/product\/yoast-seo-wordpress\/ -->\n<title>Veja esse v\u00eddeo IMPRESSIONANTE das Cataratas do Igua\u00e7u... VEJA MAIS - supernoticias.net<\/title>\n<meta name=\"description\" content=\"As cataratas do Igua\u00e7u, em Desembocadura do Igua\u00e7u, oeste do Paran\u00e1, registraram neste domingo (29), a segunda maior vaz\u00e3o desde 1997...\" \/>\n<meta name=\"robots\" content=\"index, follow, max-snippet:-1, max-image-preview:large, max-video-preview:-1\" \/>\n<link rel=\"canonical\" href=\"https:\/\/supernoticias.net\/index.php\/2023\/10\/31\/cataratas-do-iguacu\/\" \/>\n<meta property=\"og:locale\" content=\"pt_BR\" \/>\n<meta property=\"og:type\" content=\"article\" \/>\n<meta property=\"og:title\" content=\"Veja esse v\u00eddeo IMPRESSIONANTE das Cataratas do Igua\u00e7u... VEJA MAIS - supernoticias.net\" \/>\n<meta property=\"og:description\" content=\"As cataratas do Igua\u00e7u, em Desembocadura do Igua\u00e7u, oeste do Paran\u00e1, registraram neste domingo (29), a segunda maior vaz\u00e3o desde 1997...\" \/>\n<meta property=\"og:url\" content=\"https:\/\/supernoticias.net\/index.php\/2023\/10\/31\/cataratas-do-iguacu\/\" \/>\n<meta property=\"og:site_name\" content=\"supernoticias.net\" \/>\n<meta property=\"article:published_time\" content=\"2023-10-31T11:52:44+00:00\" \/>\n<meta property=\"og:image\" content=\"http:\/\/supernoticias.net\/wp-content\/uploads\/2023\/10\/Cream-Illustrative-Digital-Marketing-Banner-4-1024x512.png\" \/>\n\t<meta property=\"og:image:width\" content=\"1024\" \/>\n\t<meta property=\"og:image:height\" content=\"512\" \/>\n\t<meta property=\"og:image:type\" content=\"image\/png\" \/>\n<meta name=\"author\" content=\"Bruno\" \/>\n<meta name=\"twitter:card\" content=\"summary_large_image\" \/>\n<meta name=\"twitter:label1\" content=\"Escrito por\" \/>\n\t<meta name=\"twitter:data1\" content=\"Bruno\" \/>\n\t<meta name=\"twitter:label2\" content=\"Est. tempo de leitura\" \/>\n\t<meta name=\"twitter:data2\" content=\"2 minutos\" \/>\n<script type=\"application\/ld+json\" class=\"yoast-schema-graph\">{\"@context\":\"https:\\\/\\\/schema.org\",\"@graph\":[{\"@type\":\"Article\",\"@id\":\"https:\\\/\\\/supernoticias.net\\\/index.php\\\/2023\\\/10\\\/31\\\/cataratas-do-iguacu\\\/#article\",\"isPartOf\":{\"@id\":\"https:\\\/\\\/supernoticias.net\\\/index.php\\\/2023\\\/10\\\/31\\\/cataratas-do-iguacu\\\/\"},\"author\":{\"name\":\"Bruno\",\"@id\":\"https:\\\/\\\/supernoticias.net\\\/#\\\/schema\\\/person\\\/cf0d24eb7c56347e2c0db9d7f7bc9cb7\"},\"headline\":\"Veja esse v\u00eddeo IMPRESSIONANTE das Cataratas do Igua\u00e7u&#8230; VEJA MAIS\",\"datePublished\":\"2023-10-31T11:52:44+00:00\",\"mainEntityOfPage\":{\"@id\":\"https:\\\/\\\/supernoticias.net\\\/index.php\\\/2023\\\/10\\\/31\\\/cataratas-do-iguacu\\\/\"},\"wordCount\":316,\"image\":{\"@id\":\"https:\\\/\\\/supernoticias.net\\\/index.php\\\/2023\\\/10\\\/31\\\/cataratas-do-iguacu\\\/#primaryimage\"},\"thumbnailUrl\":\"https:\\\/\\\/supernoticias.net\\\/wp-content\\\/uploads\\\/2023\\\/10\\\/Cream-Illustrative-Digital-Marketing-Banner-4.png\",\"articleSection\":[\"Blog\",\"CURIOSIDADES\",\"MUNDO\"],\"inLanguage\":\"pt-BR\"},{\"@type\":\"WebPage\",\"@id\":\"https:\\\/\\\/supernoticias.net\\\/index.php\\\/2023\\\/10\\\/31\\\/cataratas-do-iguacu\\\/\",\"url\":\"https:\\\/\\\/supernoticias.net\\\/index.php\\\/2023\\\/10\\\/31\\\/cataratas-do-iguacu\\\/\",\"name\":\"Veja esse v\u00eddeo IMPRESSIONANTE das Cataratas do Igua\u00e7u... VEJA MAIS - supernoticias.net\",\"isPartOf\":{\"@id\":\"https:\\\/\\\/supernoticias.net\\\/#website\"},\"primaryImageOfPage\":{\"@id\":\"https:\\\/\\\/supernoticias.net\\\/index.php\\\/2023\\\/10\\\/31\\\/cataratas-do-iguacu\\\/#primaryimage\"},\"image\":{\"@id\":\"https:\\\/\\\/supernoticias.net\\\/index.php\\\/2023\\\/10\\\/31\\\/cataratas-do-iguacu\\\/#primaryimage\"},\"thumbnailUrl\":\"https:\\\/\\\/supernoticias.net\\\/wp-content\\\/uploads\\\/2023\\\/10\\\/Cream-Illustrative-Digital-Marketing-Banner-4.png\",\"datePublished\":\"2023-10-31T11:52:44+00:00\",\"author\":{\"@id\":\"https:\\\/\\\/supernoticias.net\\\/#\\\/schema\\\/person\\\/cf0d24eb7c56347e2c0db9d7f7bc9cb7\"},\"description\":\"As cataratas do Igua\u00e7u, em Desembocadura do Igua\u00e7u, oeste do Paran\u00e1, registraram neste domingo (29), a segunda maior vaz\u00e3o desde 1997...\",\"breadcrumb\":{\"@id\":\"https:\\\/\\\/supernoticias.net\\\/index.php\\\/2023\\\/10\\\/31\\\/cataratas-do-iguacu\\\/#breadcrumb\"},\"inLanguage\":\"pt-BR\",\"potentialAction\":[{\"@type\":\"ReadAction\",\"target\":[\"https:\\\/\\\/supernoticias.net\\\/index.php\\\/2023\\\/10\\\/31\\\/cataratas-do-iguacu\\\/\"]}]},{\"@type\":\"ImageObject\",\"inLanguage\":\"pt-BR\",\"@id\":\"https:\\\/\\\/supernoticias.net\\\/index.php\\\/2023\\\/10\\\/31\\\/cataratas-do-iguacu\\\/#primaryimage\",\"url\":\"https:\\\/\\\/supernoticias.net\\\/wp-content\\\/uploads\\\/2023\\\/10\\\/Cream-Illustrative-Digital-Marketing-Banner-4.png\",\"contentUrl\":\"https:\\\/\\\/supernoticias.net\\\/wp-content\\\/uploads\\\/2023\\\/10\\\/Cream-Illustrative-Digital-Marketing-Banner-4.png\",\"width\":6912,\"height\":3456},{\"@type\":\"BreadcrumbList\",\"@id\":\"https:\\\/\\\/supernoticias.net\\\/index.php\\\/2023\\\/10\\\/31\\\/cataratas-do-iguacu\\\/#breadcrumb\",\"itemListElement\":[{\"@type\":\"ListItem\",\"position\":1,\"name\":\"In\u00edcio\",\"item\":\"https:\\\/\\\/supernoticias.net\\\/\"},{\"@type\":\"ListItem\",\"position\":2,\"name\":\"Veja esse v\u00eddeo IMPRESSIONANTE das Cataratas do Igua\u00e7u&#8230; VEJA MAIS\"}]},{\"@type\":\"WebSite\",\"@id\":\"https:\\\/\\\/supernoticias.net\\\/#website\",\"url\":\"https:\\\/\\\/supernoticias.net\\\/\",\"name\":\"supernoticias.net\",\"description\":\"\",\"potentialAction\":[{\"@type\":\"SearchAction\",\"target\":{\"@type\":\"EntryPoint\",\"urlTemplate\":\"https:\\\/\\\/supernoticias.net\\\/?s={search_term_string}\"},\"query-input\":{\"@type\":\"PropertyValueSpecification\",\"valueRequired\":true,\"valueName\":\"search_term_string\"}}],\"inLanguage\":\"pt-BR\"},{\"@type\":\"Person\",\"@id\":\"https:\\\/\\\/supernoticias.net\\\/#\\\/schema\\\/person\\\/cf0d24eb7c56347e2c0db9d7f7bc9cb7\",\"name\":\"Bruno\",\"image\":{\"@type\":\"ImageObject\",\"inLanguage\":\"pt-BR\",\"@id\":\"https:\\\/\\\/secure.gravatar.com\\\/avatar\\\/2c39a4009fb499599500069d233a2415e43ff93345eb179bfd2d06e2e7871622?s=96&d=mm&r=g\",\"url\":\"https:\\\/\\\/secure.gravatar.com\\\/avatar\\\/2c39a4009fb499599500069d233a2415e43ff93345eb179bfd2d06e2e7871622?s=96&d=mm&r=g\",\"contentUrl\":\"https:\\\/\\\/secure.gravatar.com\\\/avatar\\\/2c39a4009fb499599500069d233a2415e43ff93345eb179bfd2d06e2e7871622?s=96&d=mm&r=g\",\"caption\":\"Bruno\"},\"sameAs\":[\"http:\\\/\\\/supernoticias.net\"],\"url\":\"https:\\\/\\\/supernoticias.net\\\/index.php\\\/author\\\/supernoticias-net\\\/\"}]}<\/script>\n<!-- \/ Yoast SEO plugin. -->","yoast_head_json":{"title":"Veja esse v\u00eddeo IMPRESSIONANTE das Cataratas do Igua\u00e7u... VEJA MAIS - supernoticias.net","description":"As cataratas do Igua\u00e7u, em Desembocadura do Igua\u00e7u, oeste do Paran\u00e1, registraram neste domingo (29), a segunda maior vaz\u00e3o desde 1997...","robots":{"index":"index","follow":"follow","max-snippet":"max-snippet:-1","max-image-preview":"max-image-preview:large","max-video-preview":"max-video-preview:-1"},"canonical":"https:\/\/supernoticias.net\/index.php\/2023\/10\/31\/cataratas-do-iguacu\/","og_locale":"pt_BR","og_type":"article","og_title":"Veja esse v\u00eddeo IMPRESSIONANTE das Cataratas do Igua\u00e7u... VEJA MAIS - supernoticias.net","og_description":"As cataratas do Igua\u00e7u, em Desembocadura do Igua\u00e7u, oeste do Paran\u00e1, registraram neste domingo (29), a segunda maior vaz\u00e3o desde 1997...","og_url":"https:\/\/supernoticias.net\/index.php\/2023\/10\/31\/cataratas-do-iguacu\/","og_site_name":"supernoticias.net","article_published_time":"2023-10-31T11:52:44+00:00","og_image":[{"width":1024,"height":512,"url":"http:\/\/supernoticias.net\/wp-content\/uploads\/2023\/10\/Cream-Illustrative-Digital-Marketing-Banner-4-1024x512.png","type":"image\/png"}],"author":"Bruno","twitter_card":"summary_large_image","twitter_misc":{"Escrito por":"Bruno","Est. tempo de leitura":"2 minutos"},"schema":{"@context":"https:\/\/schema.org","@graph":[{"@type":"Article","@id":"https:\/\/supernoticias.net\/index.php\/2023\/10\/31\/cataratas-do-iguacu\/#article","isPartOf":{"@id":"https:\/\/supernoticias.net\/index.php\/2023\/10\/31\/cataratas-do-iguacu\/"},"author":{"name":"Bruno","@id":"https:\/\/supernoticias.net\/#\/schema\/person\/cf0d24eb7c56347e2c0db9d7f7bc9cb7"},"headline":"Veja esse v\u00eddeo IMPRESSIONANTE das Cataratas do Igua\u00e7u&#8230; VEJA MAIS","datePublished":"2023-10-31T11:52:44+00:00","mainEntityOfPage":{"@id":"https:\/\/supernoticias.net\/index.php\/2023\/10\/31\/cataratas-do-iguacu\/"},"wordCount":316,"image":{"@id":"https:\/\/supernoticias.net\/index.php\/2023\/10\/31\/cataratas-do-iguacu\/#primaryimage"},"thumbnailUrl":"https:\/\/supernoticias.net\/wp-content\/uploads\/2023\/10\/Cream-Illustrative-Digital-Marketing-Banner-4.png","articleSection":["Blog","CURIOSIDADES","MUNDO"],"inLanguage":"pt-BR"},{"@type":"WebPage","@id":"https:\/\/supernoticias.net\/index.php\/2023\/10\/31\/cataratas-do-iguacu\/","url":"https:\/\/supernoticias.net\/index.php\/2023\/10\/31\/cataratas-do-iguacu\/","name":"Veja esse v\u00eddeo IMPRESSIONANTE das Cataratas do Igua\u00e7u... VEJA MAIS - supernoticias.net","isPartOf":{"@id":"https:\/\/supernoticias.net\/#website"},"primaryImageOfPage":{"@id":"https:\/\/supernoticias.net\/index.php\/2023\/10\/31\/cataratas-do-iguacu\/#primaryimage"},"image":{"@id":"https:\/\/supernoticias.net\/index.php\/2023\/10\/31\/cataratas-do-iguacu\/#primaryimage"},"thumbnailUrl":"https:\/\/supernoticias.net\/wp-content\/uploads\/2023\/10\/Cream-Illustrative-Digital-Marketing-Banner-4.png","datePublished":"2023-10-31T11:52:44+00:00","author":{"@id":"https:\/\/supernoticias.net\/#\/schema\/person\/cf0d24eb7c56347e2c0db9d7f7bc9cb7"},"description":"As cataratas do Igua\u00e7u, em Desembocadura do Igua\u00e7u, oeste do Paran\u00e1, registraram neste domingo (29), a segunda maior vaz\u00e3o desde 1997...","breadcrumb":{"@id":"https:\/\/supernoticias.net\/index.php\/2023\/10\/31\/cataratas-do-iguacu\/#breadcrumb"},"inLanguage":"pt-BR","potentialAction":[{"@type":"ReadAction","target":["https:\/\/supernoticias.net\/index.php\/2023\/10\/31\/cataratas-do-iguacu\/"]}]},{"@type":"ImageObject","inLanguage":"pt-BR","@id":"https:\/\/supernoticias.net\/index.php\/2023\/10\/31\/cataratas-do-iguacu\/#primaryimage","url":"https:\/\/supernoticias.net\/wp-content\/uploads\/2023\/10\/Cream-Illustrative-Digital-Marketing-Banner-4.png","contentUrl":"https:\/\/supernoticias.net\/wp-content\/uploads\/2023\/10\/Cream-Illustrative-Digital-Marketing-Banner-4.png","width":6912,"height":3456},{"@type":"BreadcrumbList","@id":"https:\/\/supernoticias.net\/index.php\/2023\/10\/31\/cataratas-do-iguacu\/#breadcrumb","itemListElement":[{"@type":"ListItem","position":1,"name":"In\u00edcio","item":"https:\/\/supernoticias.net\/"},{"@type":"ListItem","position":2,"name":"Veja esse v\u00eddeo IMPRESSIONANTE das Cataratas do Igua\u00e7u&#8230; VEJA MAIS"}]},{"@type":"WebSite","@id":"https:\/\/supernoticias.net\/#website","url":"https:\/\/supernoticias.net\/","name":"supernoticias.net","description":"","potentialAction":[{"@type":"SearchAction","target":{"@type":"EntryPoint","urlTemplate":"https:\/\/supernoticias.net\/?s={search_term_string}"},"query-input":{"@type":"PropertyValueSpecification","valueRequired":true,"valueName":"search_term_string"}}],"inLanguage":"pt-BR"},{"@type":"Person","@id":"https:\/\/supernoticias.net\/#\/schema\/person\/cf0d24eb7c56347e2c0db9d7f7bc9cb7","name":"Bruno","image":{"@type":"ImageObject","inLanguage":"pt-BR","@id":"https:\/\/secure.gravatar.com\/avatar\/2c39a4009fb499599500069d233a2415e43ff93345eb179bfd2d06e2e7871622?s=96&d=mm&r=g","url":"https:\/\/secure.gravatar.com\/avatar\/2c39a4009fb499599500069d233a2415e43ff93345eb179bfd2d06e2e7871622?s=96&d=mm&r=g","contentUrl":"https:\/\/secure.gravatar.com\/avatar\/2c39a4009fb499599500069d233a2415e43ff93345eb179bfd2d06e2e7871622?s=96&d=mm&r=g","caption":"Bruno"},"sameAs":["http:\/\/supernoticias.net"],"url":"https:\/\/supernoticias.net\/index.php\/author\/supernoticias-net\/"}]}},"_links":{"self":[{"href":"https:\/\/supernoticias.net\/index.php\/wp-json\/wp\/v2\/posts\/130","targetHints":{"allow":["GET"]}}],"collection":[{"href":"https:\/\/supernoticias.net\/index.php\/wp-json\/wp\/v2\/posts"}],"about":[{"href":"https:\/\/supernoticias.net\/index.php\/wp-json\/wp\/v2\/types\/post"}],"author":[{"embeddable":true,"href":"https:\/\/supernoticias.net\/index.php\/wp-json\/wp\/v2\/users\/1"}],"replies":[{"embeddable":true,"href":"https:\/\/supernoticias.net\/index.php\/wp-json\/wp\/v2\/comments?post=130"}],"version-history":[{"count":1,"href":"https:\/\/supernoticias.net\/index.php\/wp-json\/wp\/v2\/posts\/130\/revisions"}],"predecessor-version":[{"id":134,"href":"https:\/\/supernoticias.net\/index.php\/wp-json\/wp\/v2\/posts\/130\/revisions\/134"}],"wp:featuredmedia":[{"embeddable":true,"href":"https:\/\/supernoticias.net\/index.php\/wp-json\/wp\/v2\/media\/132"}],"wp:attachment":[{"href":"https:\/\/supernoticias.net\/index.php\/wp-json\/wp\/v2\/media?parent=130"}],"wp:term":[{"taxonomy":"category","embeddable":true,"href":"https:\/\/supernoticias.net\/index.php\/wp-json\/wp\/v2\/categories?post=130"},{"taxonomy":"post_tag","embeddable":true,"href":"https:\/\/supernoticias.net\/index.php\/wp-json\/wp\/v2\/tags?post=130"}],"curies":[{"name":"wp","href":"https:\/\/api.w.org\/{rel}","templated":true}]}}