{"id":122,"date":"2023-10-24T22:18:18","date_gmt":"2023-10-25T01:18:18","guid":{"rendered":"https:\/\/supernoticias.net\/?p=122"},"modified":"2023-10-24T22:18:18","modified_gmt":"2023-10-25T01:18:18","slug":"homem-mata-proprio-irmao-a-facadas-veja-mais","status":"publish","type":"post","link":"https:\/\/supernoticias.net\/index.php\/2023\/10\/24\/homem-mata-proprio-irmao-a-facadas-veja-mais\/","title":{"rendered":"Homem mata PR\u00d3PRIO IRM\u00c3O a facadas&#8230; VEJA MAIS"},"content":{"rendered":"<h3><span style=\"font-family: arial, helvetica, sans-serif;\">Homem mata IRM\u00c3O<\/span><\/h3>\n<p><span style=\"font-family: arial, helvetica, sans-serif;\"> O autor do crime se entregou em uma base da PM logo ap\u00f3s o incidente. De acordo com as autoridades policiais, o acusado alegou que seu irm\u00e3o mantinha entorpecentes na resid\u00eancia e havia o amea\u00e7ado repetidamente, o que o levou a atac\u00e1-lo ap\u00f3s uma discuss\u00e3o.<\/span><\/p>\n<p><span style=\"font-family: arial, helvetica, sans-serif;\"><br \/>\nUm indiv\u00edduo de 51 anos foi detido depois de fatalmente esfaquear seu irm\u00e3o de 59 anos no s\u00e1bado \u00e0 noite, em Charqueada (SP). Segundo as autoridades da Pol\u00edcia Militar, o autor se entregou em uma base da corpora\u00e7\u00e3o. A v\u00edtima foi socorrida, por\u00e9m n\u00e3o sobreviveu aos ferimentos.<\/span><\/p>\n<figure id=\"attachment_123\" aria-describedby=\"caption-attachment-123\" style=\"width: 544px\" class=\"wp-caption aligncenter\"><img decoding=\"async\" class=\" wp-image-123\" src=\"http:\/\/supernoticias.net\/wp-content\/uploads\/2023\/10\/whatsapp-image-2023-10-22-at-10.41.21-300x220.webp\" alt=\"Foto: Pol\u00edcia Mililtar\/Divulga\u00e7\u00e3o\" width=\"544\" height=\"399\" srcset=\"https:\/\/supernoticias.net\/wp-content\/uploads\/2023\/10\/whatsapp-image-2023-10-22-at-10.41.21-300x220.webp 300w, https:\/\/supernoticias.net\/wp-content\/uploads\/2023\/10\/whatsapp-image-2023-10-22-at-10.41.21-768x564.webp 768w, https:\/\/supernoticias.net\/wp-content\/uploads\/2023\/10\/whatsapp-image-2023-10-22-at-10.41.21.webp 984w\" sizes=\"(max-width: 544px) 100vw, 544px\" \/><figcaption id=\"caption-attachment-123\" class=\"wp-caption-text\">Foto: Pol\u00edcia Mililtar\/Divulga\u00e7\u00e3o<\/figcaption><\/figure>\n<p><span style=\"font-family: arial, helvetica, sans-serif;\">As identidades e idades dos envolvidos n\u00e3o foram divulgadas. O incidente teve lugar em uma resid\u00eancia localizada na Avenida do Contorno, no Jardim Solar, por volta das 21 horas.<\/span><\/p>\n<p><span style=\"font-family: arial, helvetica, sans-serif;\">Em um comunicado, a PM informou que havia recebido uma chamada relatando uma briga entre irm\u00e3os, e uma equipe encontrou o suspeito em uma base, onde ele expressou o desejo de se entregar. O suspeito foi ent\u00e3o detido pelas autoridades.<\/span><\/p>\n<p><span style=\"font-family: arial, helvetica, sans-serif;\">Conforme relatado pela PM, o acusado alegou que seu irm\u00e3o estava guardando subst\u00e2ncias entorpecentes na casa. Durante uma inspe\u00e7\u00e3o realizada no local do incidente, a per\u00edcia descobriu uma quantidade de maconha que aparentava ser destinada \u00e0 divis\u00e3o, uma planta de maconha, utens\u00edlios relacionados ao uso da droga e uma balan\u00e7a de precis\u00e3o, al\u00e9m de duas muni\u00e7\u00f5es de arma de fogo.<\/span><\/p>\n<p><span style=\"font-family: arial, helvetica, sans-serif;\">A Secretaria de Seguran\u00e7a P\u00fablica do Estado de S\u00e3o Paulo (SSP-SP) informou que o suspeito do homic\u00eddio tamb\u00e9m afirmou ter sido amea\u00e7ado v\u00e1rias vezes pela v\u00edtima e que, ap\u00f3s uma discuss\u00e3o, pegou uma faca e atacou seu irm\u00e3o com m\u00faltiplos golpes.<\/span><\/p>\n<p>VEJA TAMB\u00c9M:\u00a0<a href=\"https:\/\/supernoticias.net\/index.php\/2023\/10\/10\/ataque-do-hamas-mata-mais-de-260-pessoas-em-festival-de-musica-eletronica-veja-mais\/\">Ataque do Hamas mata mais de 260 pessoas em festival de m\u00fasica eletr\u00f4nica\u2026 VEJA MAIS<\/a><\/p>\n<p><span style=\"font-family: arial, helvetica, sans-serif;\">A v\u00edtima foi levada para o Hospital Beneficente de Charqueada, mas n\u00e3o conseguiu sobreviver aos ferimentos. O caso foi registrado como um homic\u00eddio na Delegacia Seccional de Piracicaba e encaminhado ao plant\u00e3o para posterior investiga\u00e7\u00e3o<\/span><\/p>\n<p>CONFIRA AS MELHORES PROMO\u00c7\u00d5ES DE LIVROS <a href=\"https:\/\/amzn.to\/499Kb1m\">AQUI!<\/a><\/p>\n<p><a href=\"https:\/\/go.hotmart.com\/Y87874996X\">QUER GANHAR DINHEIRO NA INTERNET? SAIBA MAIS AQUI!<\/a><\/p>\n","protected":false},"excerpt":{"rendered":"<p>Homem mata IRM\u00c3O O autor do crime se entregou em uma base da PM logo ap\u00f3s o incidente. De acordo com as autoridades policiais, o acusado alegou que seu irm\u00e3o mantinha entorpecentes na resid\u00eancia e havia o amea\u00e7ado repetidamente, o que o levou a atac\u00e1-lo ap\u00f3s uma discuss\u00e3o. Um indiv\u00edduo de 51 anos foi detido [&hellip;]<\/p>\n","protected":false},"author":1,"featured_media":123,"comment_status":"closed","ping_status":"open","sticky":false,"template":"","format":"standard","meta":{"MSN_Categories":"Uncategorized","MSN_Publish_Option":false,"MSN_Is_Local_News":false,"MSN_Is_AIAC_Included":"Empty","MSN_Location":"[]","MSN_Add_Feature_Img_On_Top_Of_Post":false,"MSN_Has_Custom_Author":false,"MSN_Custom_Author":"","MSN_Has_Custom_Canonical_Url":false,"MSN_Custom_Canonical_Url":"","site-sidebar-layout":"default","site-content-layout":"","ast-site-content-layout":"default","site-content-style":"default","site-sidebar-style":"default","ast-global-header-display":"","ast-banner-title-visibility":"","ast-main-header-display":"","ast-hfb-above-header-display":"","ast-hfb-below-header-display":"","ast-hfb-mobile-header-display":"","site-post-title":"","ast-breadcrumbs-content":"","ast-featured-img":"","footer-sml-layout":"","theme-transparent-header-meta":"default","adv-header-id-meta":"","stick-header-meta":"","header-above-stick-meta":"","header-main-stick-meta":"","header-below-stick-meta":"","astra-migrate-meta-layouts":"set","ast-page-background-enabled":"default","ast-page-background-meta":{"desktop":{"background-color":"var(--ast-global-color-4)","background-image":"","background-repeat":"repeat","background-position":"center center","background-size":"auto","background-attachment":"scroll","background-type":"","background-media":"","overlay-type":"","overlay-color":"","overlay-opacity":"","overlay-gradient":""},"tablet":{"background-color":"","background-image":"","background-repeat":"repeat","background-position":"center center","background-size":"auto","background-attachment":"scroll","background-type":"","background-media":"","overlay-type":"","overlay-color":"","overlay-opacity":"","overlay-gradient":""},"mobile":{"background-color":"","background-image":"","background-repeat":"repeat","background-position":"center center","background-size":"auto","background-attachment":"scroll","background-type":"","background-media":"","overlay-type":"","overlay-color":"","overlay-opacity":"","overlay-gradient":""}},"ast-content-background-meta":{"desktop":{"background-color":"var(--ast-global-color-5)","background-image":"","background-repeat":"repeat","background-position":"center center","background-size":"auto","background-attachment":"scroll","background-type":"","background-media":"","overlay-type":"","overlay-color":"","overlay-opacity":"","overlay-gradient":""},"tablet":{"background-color":"var(--ast-global-color-5)","background-image":"","background-repeat":"repeat","background-position":"center center","background-size":"auto","background-attachment":"scroll","background-type":"","background-media":"","overlay-type":"","overlay-color":"","overlay-opacity":"","overlay-gradient":""},"mobile":{"background-color":"var(--ast-global-color-5)","background-image":"","background-repeat":"repeat","background-position":"center center","background-size":"auto","background-attachment":"scroll","background-type":"","background-media":"","overlay-type":"","overlay-color":"","overlay-opacity":"","overlay-gradient":""}},"footnotes":""},"categories":[1,13,14],"tags":[],"class_list":["post-122","post","type-post","status-publish","format-standard","has-post-thumbnail","hentry","category-blog","category-fofoca","category-mundo"],"yoast_head":"<!-- This site is optimized with the Yoast SEO plugin v27.5 - https:\/\/yoast.com\/product\/yoast-seo-wordpress\/ -->\n<title>Homem mata PR\u00d3PRIO IRM\u00c3O a facadas... VEJA MAIS - supernoticias.net<\/title>\n<meta name=\"description\" content=\"O autor do crime se entregou em uma base da PM ap\u00f3s o incidente. De acordo com as autoridades policiais, o acusado alegou que seu irm\u00e3o...\" \/>\n<meta name=\"robots\" content=\"index, follow, max-snippet:-1, max-image-preview:large, max-video-preview:-1\" \/>\n<link rel=\"canonical\" href=\"https:\/\/supernoticias.net\/index.php\/2023\/10\/24\/homem-mata-proprio-irmao-a-facadas-veja-mais\/\" \/>\n<meta property=\"og:locale\" content=\"pt_BR\" \/>\n<meta property=\"og:type\" content=\"article\" \/>\n<meta property=\"og:title\" content=\"Homem mata PR\u00d3PRIO IRM\u00c3O a facadas... VEJA MAIS - supernoticias.net\" \/>\n<meta property=\"og:description\" content=\"O autor do crime se entregou em uma base da PM ap\u00f3s o incidente. De acordo com as autoridades policiais, o acusado alegou que seu irm\u00e3o...\" \/>\n<meta property=\"og:url\" content=\"https:\/\/supernoticias.net\/index.php\/2023\/10\/24\/homem-mata-proprio-irmao-a-facadas-veja-mais\/\" \/>\n<meta property=\"og:site_name\" content=\"supernoticias.net\" \/>\n<meta property=\"article:published_time\" content=\"2023-10-25T01:18:18+00:00\" \/>\n<meta property=\"og:image\" content=\"http:\/\/supernoticias.net\/wp-content\/uploads\/2023\/10\/whatsapp-image-2023-10-22-at-10.41.21.webp\" \/>\n\t<meta property=\"og:image:width\" content=\"984\" \/>\n\t<meta property=\"og:image:height\" content=\"722\" \/>\n\t<meta property=\"og:image:type\" content=\"image\/webp\" \/>\n<meta name=\"author\" content=\"Bruno\" \/>\n<meta name=\"twitter:card\" content=\"summary_large_image\" \/>\n<meta name=\"twitter:label1\" content=\"Escrito por\" \/>\n\t<meta name=\"twitter:data1\" content=\"Bruno\" \/>\n\t<meta name=\"twitter:label2\" content=\"Est. tempo de leitura\" \/>\n\t<meta name=\"twitter:data2\" content=\"3 minutos\" \/>\n<script type=\"application\/ld+json\" class=\"yoast-schema-graph\">{\"@context\":\"https:\\\/\\\/schema.org\",\"@graph\":[{\"@type\":\"Article\",\"@id\":\"https:\\\/\\\/supernoticias.net\\\/index.php\\\/2023\\\/10\\\/24\\\/homem-mata-proprio-irmao-a-facadas-veja-mais\\\/#article\",\"isPartOf\":{\"@id\":\"https:\\\/\\\/supernoticias.net\\\/index.php\\\/2023\\\/10\\\/24\\\/homem-mata-proprio-irmao-a-facadas-veja-mais\\\/\"},\"author\":{\"name\":\"Bruno\",\"@id\":\"https:\\\/\\\/supernoticias.net\\\/#\\\/schema\\\/person\\\/cf0d24eb7c56347e2c0db9d7f7bc9cb7\"},\"headline\":\"Homem mata PR\u00d3PRIO IRM\u00c3O a facadas&#8230; VEJA MAIS\",\"datePublished\":\"2023-10-25T01:18:18+00:00\",\"mainEntityOfPage\":{\"@id\":\"https:\\\/\\\/supernoticias.net\\\/index.php\\\/2023\\\/10\\\/24\\\/homem-mata-proprio-irmao-a-facadas-veja-mais\\\/\"},\"wordCount\":400,\"image\":{\"@id\":\"https:\\\/\\\/supernoticias.net\\\/index.php\\\/2023\\\/10\\\/24\\\/homem-mata-proprio-irmao-a-facadas-veja-mais\\\/#primaryimage\"},\"thumbnailUrl\":\"https:\\\/\\\/supernoticias.net\\\/wp-content\\\/uploads\\\/2023\\\/10\\\/whatsapp-image-2023-10-22-at-10.41.21.webp\",\"articleSection\":[\"Blog\",\"FOFOCA\",\"MUNDO\"],\"inLanguage\":\"pt-BR\"},{\"@type\":\"WebPage\",\"@id\":\"https:\\\/\\\/supernoticias.net\\\/index.php\\\/2023\\\/10\\\/24\\\/homem-mata-proprio-irmao-a-facadas-veja-mais\\\/\",\"url\":\"https:\\\/\\\/supernoticias.net\\\/index.php\\\/2023\\\/10\\\/24\\\/homem-mata-proprio-irmao-a-facadas-veja-mais\\\/\",\"name\":\"Homem mata PR\u00d3PRIO IRM\u00c3O a facadas... VEJA MAIS - supernoticias.net\",\"isPartOf\":{\"@id\":\"https:\\\/\\\/supernoticias.net\\\/#website\"},\"primaryImageOfPage\":{\"@id\":\"https:\\\/\\\/supernoticias.net\\\/index.php\\\/2023\\\/10\\\/24\\\/homem-mata-proprio-irmao-a-facadas-veja-mais\\\/#primaryimage\"},\"image\":{\"@id\":\"https:\\\/\\\/supernoticias.net\\\/index.php\\\/2023\\\/10\\\/24\\\/homem-mata-proprio-irmao-a-facadas-veja-mais\\\/#primaryimage\"},\"thumbnailUrl\":\"https:\\\/\\\/supernoticias.net\\\/wp-content\\\/uploads\\\/2023\\\/10\\\/whatsapp-image-2023-10-22-at-10.41.21.webp\",\"datePublished\":\"2023-10-25T01:18:18+00:00\",\"author\":{\"@id\":\"https:\\\/\\\/supernoticias.net\\\/#\\\/schema\\\/person\\\/cf0d24eb7c56347e2c0db9d7f7bc9cb7\"},\"description\":\"O autor do crime se entregou em uma base da PM ap\u00f3s o incidente. De acordo com as autoridades policiais, o acusado alegou que seu irm\u00e3o...\",\"breadcrumb\":{\"@id\":\"https:\\\/\\\/supernoticias.net\\\/index.php\\\/2023\\\/10\\\/24\\\/homem-mata-proprio-irmao-a-facadas-veja-mais\\\/#breadcrumb\"},\"inLanguage\":\"pt-BR\",\"potentialAction\":[{\"@type\":\"ReadAction\",\"target\":[\"https:\\\/\\\/supernoticias.net\\\/index.php\\\/2023\\\/10\\\/24\\\/homem-mata-proprio-irmao-a-facadas-veja-mais\\\/\"]}]},{\"@type\":\"ImageObject\",\"inLanguage\":\"pt-BR\",\"@id\":\"https:\\\/\\\/supernoticias.net\\\/index.php\\\/2023\\\/10\\\/24\\\/homem-mata-proprio-irmao-a-facadas-veja-mais\\\/#primaryimage\",\"url\":\"https:\\\/\\\/supernoticias.net\\\/wp-content\\\/uploads\\\/2023\\\/10\\\/whatsapp-image-2023-10-22-at-10.41.21.webp\",\"contentUrl\":\"https:\\\/\\\/supernoticias.net\\\/wp-content\\\/uploads\\\/2023\\\/10\\\/whatsapp-image-2023-10-22-at-10.41.21.webp\",\"width\":984,\"height\":722,\"caption\":\"Foto: Pol\u00edcia Mililtar\\\/Divulga\u00e7\u00e3o\"},{\"@type\":\"BreadcrumbList\",\"@id\":\"https:\\\/\\\/supernoticias.net\\\/index.php\\\/2023\\\/10\\\/24\\\/homem-mata-proprio-irmao-a-facadas-veja-mais\\\/#breadcrumb\",\"itemListElement\":[{\"@type\":\"ListItem\",\"position\":1,\"name\":\"In\u00edcio\",\"item\":\"https:\\\/\\\/supernoticias.net\\\/\"},{\"@type\":\"ListItem\",\"position\":2,\"name\":\"Homem mata PR\u00d3PRIO IRM\u00c3O a facadas&#8230; VEJA MAIS\"}]},{\"@type\":\"WebSite\",\"@id\":\"https:\\\/\\\/supernoticias.net\\\/#website\",\"url\":\"https:\\\/\\\/supernoticias.net\\\/\",\"name\":\"supernoticias.net\",\"description\":\"\",\"potentialAction\":[{\"@type\":\"SearchAction\",\"target\":{\"@type\":\"EntryPoint\",\"urlTemplate\":\"https:\\\/\\\/supernoticias.net\\\/?s={search_term_string}\"},\"query-input\":{\"@type\":\"PropertyValueSpecification\",\"valueRequired\":true,\"valueName\":\"search_term_string\"}}],\"inLanguage\":\"pt-BR\"},{\"@type\":\"Person\",\"@id\":\"https:\\\/\\\/supernoticias.net\\\/#\\\/schema\\\/person\\\/cf0d24eb7c56347e2c0db9d7f7bc9cb7\",\"name\":\"Bruno\",\"image\":{\"@type\":\"ImageObject\",\"inLanguage\":\"pt-BR\",\"@id\":\"https:\\\/\\\/secure.gravatar.com\\\/avatar\\\/2c39a4009fb499599500069d233a2415e43ff93345eb179bfd2d06e2e7871622?s=96&d=mm&r=g\",\"url\":\"https:\\\/\\\/secure.gravatar.com\\\/avatar\\\/2c39a4009fb499599500069d233a2415e43ff93345eb179bfd2d06e2e7871622?s=96&d=mm&r=g\",\"contentUrl\":\"https:\\\/\\\/secure.gravatar.com\\\/avatar\\\/2c39a4009fb499599500069d233a2415e43ff93345eb179bfd2d06e2e7871622?s=96&d=mm&r=g\",\"caption\":\"Bruno\"},\"sameAs\":[\"http:\\\/\\\/supernoticias.net\"],\"url\":\"https:\\\/\\\/supernoticias.net\\\/index.php\\\/author\\\/supernoticias-net\\\/\"}]}<\/script>\n<!-- \/ Yoast SEO plugin. -->","yoast_head_json":{"title":"Homem mata PR\u00d3PRIO IRM\u00c3O a facadas... VEJA MAIS - supernoticias.net","description":"O autor do crime se entregou em uma base da PM ap\u00f3s o incidente. De acordo com as autoridades policiais, o acusado alegou que seu irm\u00e3o...","robots":{"index":"index","follow":"follow","max-snippet":"max-snippet:-1","max-image-preview":"max-image-preview:large","max-video-preview":"max-video-preview:-1"},"canonical":"https:\/\/supernoticias.net\/index.php\/2023\/10\/24\/homem-mata-proprio-irmao-a-facadas-veja-mais\/","og_locale":"pt_BR","og_type":"article","og_title":"Homem mata PR\u00d3PRIO IRM\u00c3O a facadas... VEJA MAIS - supernoticias.net","og_description":"O autor do crime se entregou em uma base da PM ap\u00f3s o incidente. De acordo com as autoridades policiais, o acusado alegou que seu irm\u00e3o...","og_url":"https:\/\/supernoticias.net\/index.php\/2023\/10\/24\/homem-mata-proprio-irmao-a-facadas-veja-mais\/","og_site_name":"supernoticias.net","article_published_time":"2023-10-25T01:18:18+00:00","og_image":[{"width":984,"height":722,"url":"http:\/\/supernoticias.net\/wp-content\/uploads\/2023\/10\/whatsapp-image-2023-10-22-at-10.41.21.webp","type":"image\/webp"}],"author":"Bruno","twitter_card":"summary_large_image","twitter_misc":{"Escrito por":"Bruno","Est. tempo de leitura":"3 minutos"},"schema":{"@context":"https:\/\/schema.org","@graph":[{"@type":"Article","@id":"https:\/\/supernoticias.net\/index.php\/2023\/10\/24\/homem-mata-proprio-irmao-a-facadas-veja-mais\/#article","isPartOf":{"@id":"https:\/\/supernoticias.net\/index.php\/2023\/10\/24\/homem-mata-proprio-irmao-a-facadas-veja-mais\/"},"author":{"name":"Bruno","@id":"https:\/\/supernoticias.net\/#\/schema\/person\/cf0d24eb7c56347e2c0db9d7f7bc9cb7"},"headline":"Homem mata PR\u00d3PRIO IRM\u00c3O a facadas&#8230; VEJA MAIS","datePublished":"2023-10-25T01:18:18+00:00","mainEntityOfPage":{"@id":"https:\/\/supernoticias.net\/index.php\/2023\/10\/24\/homem-mata-proprio-irmao-a-facadas-veja-mais\/"},"wordCount":400,"image":{"@id":"https:\/\/supernoticias.net\/index.php\/2023\/10\/24\/homem-mata-proprio-irmao-a-facadas-veja-mais\/#primaryimage"},"thumbnailUrl":"https:\/\/supernoticias.net\/wp-content\/uploads\/2023\/10\/whatsapp-image-2023-10-22-at-10.41.21.webp","articleSection":["Blog","FOFOCA","MUNDO"],"inLanguage":"pt-BR"},{"@type":"WebPage","@id":"https:\/\/supernoticias.net\/index.php\/2023\/10\/24\/homem-mata-proprio-irmao-a-facadas-veja-mais\/","url":"https:\/\/supernoticias.net\/index.php\/2023\/10\/24\/homem-mata-proprio-irmao-a-facadas-veja-mais\/","name":"Homem mata PR\u00d3PRIO IRM\u00c3O a facadas... VEJA MAIS - supernoticias.net","isPartOf":{"@id":"https:\/\/supernoticias.net\/#website"},"primaryImageOfPage":{"@id":"https:\/\/supernoticias.net\/index.php\/2023\/10\/24\/homem-mata-proprio-irmao-a-facadas-veja-mais\/#primaryimage"},"image":{"@id":"https:\/\/supernoticias.net\/index.php\/2023\/10\/24\/homem-mata-proprio-irmao-a-facadas-veja-mais\/#primaryimage"},"thumbnailUrl":"https:\/\/supernoticias.net\/wp-content\/uploads\/2023\/10\/whatsapp-image-2023-10-22-at-10.41.21.webp","datePublished":"2023-10-25T01:18:18+00:00","author":{"@id":"https:\/\/supernoticias.net\/#\/schema\/person\/cf0d24eb7c56347e2c0db9d7f7bc9cb7"},"description":"O autor do crime se entregou em uma base da PM ap\u00f3s o incidente. De acordo com as autoridades policiais, o acusado alegou que seu irm\u00e3o...","breadcrumb":{"@id":"https:\/\/supernoticias.net\/index.php\/2023\/10\/24\/homem-mata-proprio-irmao-a-facadas-veja-mais\/#breadcrumb"},"inLanguage":"pt-BR","potentialAction":[{"@type":"ReadAction","target":["https:\/\/supernoticias.net\/index.php\/2023\/10\/24\/homem-mata-proprio-irmao-a-facadas-veja-mais\/"]}]},{"@type":"ImageObject","inLanguage":"pt-BR","@id":"https:\/\/supernoticias.net\/index.php\/2023\/10\/24\/homem-mata-proprio-irmao-a-facadas-veja-mais\/#primaryimage","url":"https:\/\/supernoticias.net\/wp-content\/uploads\/2023\/10\/whatsapp-image-2023-10-22-at-10.41.21.webp","contentUrl":"https:\/\/supernoticias.net\/wp-content\/uploads\/2023\/10\/whatsapp-image-2023-10-22-at-10.41.21.webp","width":984,"height":722,"caption":"Foto: Pol\u00edcia Mililtar\/Divulga\u00e7\u00e3o"},{"@type":"BreadcrumbList","@id":"https:\/\/supernoticias.net\/index.php\/2023\/10\/24\/homem-mata-proprio-irmao-a-facadas-veja-mais\/#breadcrumb","itemListElement":[{"@type":"ListItem","position":1,"name":"In\u00edcio","item":"https:\/\/supernoticias.net\/"},{"@type":"ListItem","position":2,"name":"Homem mata PR\u00d3PRIO IRM\u00c3O a facadas&#8230; VEJA MAIS"}]},{"@type":"WebSite","@id":"https:\/\/supernoticias.net\/#website","url":"https:\/\/supernoticias.net\/","name":"supernoticias.net","description":"","potentialAction":[{"@type":"SearchAction","target":{"@type":"EntryPoint","urlTemplate":"https:\/\/supernoticias.net\/?s={search_term_string}"},"query-input":{"@type":"PropertyValueSpecification","valueRequired":true,"valueName":"search_term_string"}}],"inLanguage":"pt-BR"},{"@type":"Person","@id":"https:\/\/supernoticias.net\/#\/schema\/person\/cf0d24eb7c56347e2c0db9d7f7bc9cb7","name":"Bruno","image":{"@type":"ImageObject","inLanguage":"pt-BR","@id":"https:\/\/secure.gravatar.com\/avatar\/2c39a4009fb499599500069d233a2415e43ff93345eb179bfd2d06e2e7871622?s=96&d=mm&r=g","url":"https:\/\/secure.gravatar.com\/avatar\/2c39a4009fb499599500069d233a2415e43ff93345eb179bfd2d06e2e7871622?s=96&d=mm&r=g","contentUrl":"https:\/\/secure.gravatar.com\/avatar\/2c39a4009fb499599500069d233a2415e43ff93345eb179bfd2d06e2e7871622?s=96&d=mm&r=g","caption":"Bruno"},"sameAs":["http:\/\/supernoticias.net"],"url":"https:\/\/supernoticias.net\/index.php\/author\/supernoticias-net\/"}]}},"_links":{"self":[{"href":"https:\/\/supernoticias.net\/index.php\/wp-json\/wp\/v2\/posts\/122","targetHints":{"allow":["GET"]}}],"collection":[{"href":"https:\/\/supernoticias.net\/index.php\/wp-json\/wp\/v2\/posts"}],"about":[{"href":"https:\/\/supernoticias.net\/index.php\/wp-json\/wp\/v2\/types\/post"}],"author":[{"embeddable":true,"href":"https:\/\/supernoticias.net\/index.php\/wp-json\/wp\/v2\/users\/1"}],"replies":[{"embeddable":true,"href":"https:\/\/supernoticias.net\/index.php\/wp-json\/wp\/v2\/comments?post=122"}],"version-history":[{"count":1,"href":"https:\/\/supernoticias.net\/index.php\/wp-json\/wp\/v2\/posts\/122\/revisions"}],"predecessor-version":[{"id":124,"href":"https:\/\/supernoticias.net\/index.php\/wp-json\/wp\/v2\/posts\/122\/revisions\/124"}],"wp:featuredmedia":[{"embeddable":true,"href":"https:\/\/supernoticias.net\/index.php\/wp-json\/wp\/v2\/media\/123"}],"wp:attachment":[{"href":"https:\/\/supernoticias.net\/index.php\/wp-json\/wp\/v2\/media?parent=122"}],"wp:term":[{"taxonomy":"category","embeddable":true,"href":"https:\/\/supernoticias.net\/index.php\/wp-json\/wp\/v2\/categories?post=122"},{"taxonomy":"post_tag","embeddable":true,"href":"https:\/\/supernoticias.net\/index.php\/wp-json\/wp\/v2\/tags?post=122"}],"curies":[{"name":"wp","href":"https:\/\/api.w.org\/{rel}","templated":true}]}}