{"id":101,"date":"2023-10-04T21:56:27","date_gmt":"2023-10-05T00:56:27","guid":{"rendered":"https:\/\/supernoticias.net\/?p=101"},"modified":"2023-10-04T21:56:27","modified_gmt":"2023-10-05T00:56:27","slug":"a-policia-conclui-isso-sobre-queda-do-aviao-com-marilia-mendonca-veja-mais","status":"publish","type":"post","link":"https:\/\/supernoticias.net\/index.php\/2023\/10\/04\/a-policia-conclui-isso-sobre-queda-do-aviao-com-marilia-mendonca-veja-mais\/","title":{"rendered":"A pol\u00edcia conclui ISSO sobre queda do avi\u00e3o com Mar\u00edlia Mendon\u00e7a&#8230; VEJA MAIS"},"content":{"rendered":"<p><span style=\"font-family: arial, helvetica, sans-serif;\">A Pol\u00edcia Civil de Minas Gerais (PCMG) anunciou hoje a finaliza\u00e7\u00e3o da investiga\u00e7\u00e3o referente ao acidente a\u00e9reo que resultou na trag\u00e9dia envolvendo a cantora Mar\u00edlia Mendon\u00e7a e outras quatro pessoas em novembro de 2021.<\/span><\/p>\n<p><span style=\"font-family: arial, helvetica, sans-serif;\">De acordo com a PCMG, a an\u00e1lise apontou que o acidente poderia ter sido evitado caso o piloto Geraldo Medeiros e o copiloto Tarc\u00edso Viana tivessem tomado medidas adequadas.<\/span><\/p>\n<p><span style=\"font-family: arial, helvetica, sans-serif;\">O delegado regional de Caratinga, Ivan Lopes Sales, esclareceu que a investiga\u00e7\u00e3o revelou neglig\u00eancia por parte da tripula\u00e7\u00e3o no incidente com a torre de transmiss\u00e3o que n\u00e3o estava devidamente sinalizada.<\/span><\/p>\n<p><span style=\"font-family: arial, helvetica, sans-serif;\">O delegado observou que, embora n\u00e3o houvesse obrigatoriedade de sinaliza\u00e7\u00e3o das torres, havia manuais de procedimento da aeronave que exigiam que o piloto realizasse uma an\u00e1lise pr\u00e9via da presen\u00e7a de obst\u00e1culos, como morros e antenas. &#8220;Era uma responsabilidade do piloto que estava no comando da aeronave ter realizado essa avalia\u00e7\u00e3o antecipada&#8221;, declarou durante uma coletiva de imprensa.<\/span><\/p>\n<p><span style=\"font-family: arial, helvetica, sans-serif;\">Sales enfatizou que existiam documentos que poderiam ter permitido a identifica\u00e7\u00e3o das torres e mencionou o EGPWS, um dispositivo que emite alertas sonoros na proximidade de morros e obst\u00e1culos. &#8220;\u00c9 um fato que esse equipamento pode ser desligado pelos pilotos, porque quando a aeronave se aproxima do solo, esses alertas come\u00e7am a soar. A aeron\u00e1utica n\u00e3o conseguiu determinar se esse equipamento foi desativado ou n\u00e3o, devido ao estado deteriorado da aeronave.&#8221;<\/span><\/p>\n<p><img decoding=\"async\" class=\" wp-image-103 aligncenter\" src=\"http:\/\/supernoticias.net\/wp-content\/uploads\/2023\/10\/acidente-marilia-mendonca-2-300x174.jpg\" alt=\"\" width=\"690\" height=\"400\" srcset=\"https:\/\/supernoticias.net\/wp-content\/uploads\/2023\/10\/acidente-marilia-mendonca-2-300x174.jpg 300w, https:\/\/supernoticias.net\/wp-content\/uploads\/2023\/10\/acidente-marilia-mendonca-2-768x445.jpg 768w, https:\/\/supernoticias.net\/wp-content\/uploads\/2023\/10\/acidente-marilia-mendonca-2.jpg 1022w\" sizes=\"(max-width: 690px) 100vw, 690px\" \/><\/p>\n<p><span style=\"font-family: arial, helvetica, sans-serif;\">O delegado ressaltou no in\u00edcio da coletiva: &#8220;O resultado dessa investiga\u00e7\u00e3o \u00e9 apresentado com total respeito aos familiares das v\u00edtimas. Entendemos que foi um acidente, mas \u00e9 responsabilidade da Pol\u00edcia Civil investigar crimes.&#8221;<\/span><\/p>\n<p><span style=\"font-family: arial, helvetica, sans-serif;\">A conclus\u00e3o da PCMG indicou que tanto o piloto quanto o copiloto cometeram tr\u00eas homic\u00eddios culposos, embora a puni\u00e7\u00e3o tenha sido extinta devido \u00e0s mortes dos tripulantes. Recomendou-se o arquivamento do caso.<\/span><\/p>\n<p><span style=\"font-family: arial, helvetica, sans-serif;\">Al\u00e9m disso, a investiga\u00e7\u00e3o tamb\u00e9m examinou a poss\u00edvel ocorr\u00eancia de crime ambiental relacionado ao vazamento de combust\u00edvel no c\u00f3rrego, mas a PCMG concluiu que o vazamento n\u00e3o causou polui\u00e7\u00e3o na \u00e1gua nem representou riscos \u00e0 vida humana.<\/p>\n<p><\/span><\/p>\n<h2><span style=\"font-family: arial, helvetica, sans-serif; font-size: 14pt;\">LEIA TAMB\u00c9M: <\/span><a href=\"https:\/\/supernoticias.net\/index.php\/2023\/09\/27\/uniao-de-sandy-e-lucas-termina-apos-20-anos-de-casamento-e-gera-rumores-veja-mais\/\"><span style=\"font-family: arial, helvetica, sans-serif;\"><span style=\"font-size: 14pt;\">Uni\u00e3o de Sandy e Lucas Termina ap\u00f3s 20 Anos de Casamento e gera RUMORES<\/span><br \/>\n<\/span><\/a><\/h2>\n<h3><span style=\"font-family: arial, helvetica, sans-serif;\">Hip\u00f3teses descartadas <\/span><\/h3>\n<p><span style=\"font-family: arial, helvetica, sans-serif;\">Conforme informou o delegado, durante a investiga\u00e7\u00e3o, foram exclu\u00eddas as seguintes possibilidades:<\/span><\/p>\n<ol>\n<li><span style=\"font-family: arial, helvetica, sans-serif;\">Problemas na aeronave<\/span><\/li>\n<li><span style=\"font-family: arial, helvetica, sans-serif;\">Problemas nos pilotos, como mal s\u00fabito<\/span><\/li>\n<li><span style=\"font-family: arial, helvetica, sans-serif;\">Eventual atentado contra a aeronave.<\/span><\/li>\n<\/ol>\n<h3><span style=\"font-family: arial, helvetica, sans-serif;\">Conclus\u00e3o do Cenipa <\/span><\/h3>\n<p><span style=\"font-family: arial, helvetica, sans-serif;\">O Cenipa (Centro de Investiga\u00e7\u00e3o e Preven\u00e7\u00e3o de Acidentes Aeron\u00e1uticos) mencionou uma &#8220;avalia\u00e7\u00e3o inadequada&#8221; por parte do piloto no acidente, em um relat\u00f3rio divulgado em maio.<\/span><\/p>\n<p><span style=\"font-family: arial, helvetica, sans-serif;\">O Cenipa \u00e9 a entidade vinculada ao comando da aeron\u00e1utica respons\u00e1vel pela investiga\u00e7\u00e3o de acidentes a\u00e9reos na avia\u00e7\u00e3o civil e na For\u00e7a A\u00e9rea Brasileira.<\/span><\/p>\n<p><span style=\"font-family: arial, helvetica, sans-serif;\">Segundo o relat\u00f3rio, &#8220;quanto ao padr\u00e3o de aproxima\u00e7\u00e3o para pouso, houve uma avalia\u00e7\u00e3o inadequada em rela\u00e7\u00e3o aos par\u00e2metros da opera\u00e7\u00e3o da aeronave, uma vez que a perna contra o vento foi estendida a uma dist\u00e2ncia consideravelmente maior do que a esperada para uma aeronave da &#8216;Categoria de Performance B&#8217; em procedimentos de pouso&#8221;.<\/span><\/p>\n<p><span style=\"font-family: arial, helvetica, sans-serif;\">A investiga\u00e7\u00e3o tamb\u00e9m concluiu que n\u00e3o houve falha mec\u00e2nica durante o acidente. O relat\u00f3rio oficial destacou que a aproxima\u00e7\u00e3o da aeronave em dire\u00e7\u00e3o ao solo &#8220;foi iniciada a uma dist\u00e2ncia significativamente maior do que a esperada&#8221; e &#8220;com uma altitude em rela\u00e7\u00e3o ao solo bastante reduzida&#8221;.<\/span><\/p>\n<p><span style=\"font-family: arial, helvetica, sans-serif;\">O Cenipa enfatizou que as investiga\u00e7\u00f5es conduzidas n\u00e3o visam &#8220;atribuir culpa ou responsabiliza\u00e7\u00e3o&#8221; nem determinar as causas do acidente. &#8220;Os relat\u00f3rios finais t\u00eam o prop\u00f3sito de sugerir medidas por meio de recomenda\u00e7\u00f5es de seguran\u00e7a, com o objetivo de melhorar a seguran\u00e7a das opera\u00e7\u00f5es de voo.&#8221;<\/span><\/p>\n<p><span style=\"font-family: arial, helvetica, sans-serif;\">O acidente No dia 5 de novembro de 2021, ocorreu um acidente a\u00e9reo por volta das 15h30, na cidade de Piedade de Caratinga, situada a 309 km de Belo Horizonte, Minas Gerais.<\/span><\/p>\n<p><span style=\"font-family: arial, helvetica, sans-serif;\">Al\u00e9m da cantora Mar\u00edlia Mendon\u00e7a, as v\u00edtimas inclu\u00edam o produtor Henrique Bahia, o assessor e tio da cantora, Abiceli Silveira Dias Filho, o piloto Geraldo Martins de Medeiros e o copiloto Tarciso Pessoa Viana.<\/span><\/p>\n<p><span style=\"font-family: arial, helvetica, sans-serif;\">O avi\u00e3o estava a 2 km do aeroporto de destino quando caiu, em uma regi\u00e3o de dif\u00edcil acesso.<\/span><\/p>\n<p><span style=\"font-family: arial, helvetica, sans-serif;\">Antes de cair em um curso d&#8217;\u00e1gua, a aeronave teria colidido com um cabo de uma torre de distribui\u00e7\u00e3o de energia el\u00e9trica, conforme informa\u00e7\u00f5es da Cemig (Companhia Energ\u00e9tica de Minas Gerais), respons\u00e1vel pelo fornecimento de eletricidade na regi\u00e3o.<\/span><\/p>\n<p><span style=\"font-family: arial, helvetica, sans-serif;\">O voo tinha sa\u00eddo de Goi\u00e2nia com destino ao aeroporto de Caratinga (MG), onde Mar\u00edlia Mendon\u00e7a se apresentaria em um show para 8.000 espectadores. Os outros membros da banda seguiram de \u00f4nibus e j\u00e1 aguardavam a cantora na cidade.<\/span><\/p>\n","protected":false},"excerpt":{"rendered":"<p>A Pol\u00edcia Civil de Minas Gerais (PCMG) anunciou hoje a finaliza\u00e7\u00e3o da investiga\u00e7\u00e3o referente ao acidente a\u00e9reo que resultou na trag\u00e9dia envolvendo a cantora Mar\u00edlia Mendon\u00e7a e outras quatro pessoas em novembro de 2021. De acordo com a PCMG, a an\u00e1lise apontou que o acidente poderia ter sido evitado caso o piloto Geraldo Medeiros e [&hellip;]<\/p>\n","protected":false},"author":1,"featured_media":102,"comment_status":"closed","ping_status":"open","sticky":false,"template":"","format":"standard","meta":{"MSN_Categories":"Uncategorized","MSN_Publish_Option":false,"MSN_Is_Local_News":false,"MSN_Is_AIAC_Included":"Empty","MSN_Location":"[]","MSN_Add_Feature_Img_On_Top_Of_Post":false,"MSN_Has_Custom_Author":false,"MSN_Custom_Author":"","MSN_Has_Custom_Canonical_Url":false,"MSN_Custom_Canonical_Url":"","site-sidebar-layout":"default","site-content-layout":"","ast-site-content-layout":"default","site-content-style":"default","site-sidebar-style":"default","ast-global-header-display":"","ast-banner-title-visibility":"","ast-main-header-display":"","ast-hfb-above-header-display":"","ast-hfb-below-header-display":"","ast-hfb-mobile-header-display":"","site-post-title":"","ast-breadcrumbs-content":"","ast-featured-img":"","footer-sml-layout":"","theme-transparent-header-meta":"default","adv-header-id-meta":"","stick-header-meta":"","header-above-stick-meta":"","header-main-stick-meta":"","header-below-stick-meta":"","astra-migrate-meta-layouts":"set","ast-page-background-enabled":"default","ast-page-background-meta":{"desktop":{"background-color":"var(--ast-global-color-4)","background-image":"","background-repeat":"repeat","background-position":"center center","background-size":"auto","background-attachment":"scroll","background-type":"","background-media":"","overlay-type":"","overlay-color":"","overlay-opacity":"","overlay-gradient":""},"tablet":{"background-color":"","background-image":"","background-repeat":"repeat","background-position":"center center","background-size":"auto","background-attachment":"scroll","background-type":"","background-media":"","overlay-type":"","overlay-color":"","overlay-opacity":"","overlay-gradient":""},"mobile":{"background-color":"","background-image":"","background-repeat":"repeat","background-position":"center center","background-size":"auto","background-attachment":"scroll","background-type":"","background-media":"","overlay-type":"","overlay-color":"","overlay-opacity":"","overlay-gradient":""}},"ast-content-background-meta":{"desktop":{"background-color":"var(--ast-global-color-5)","background-image":"","background-repeat":"repeat","background-position":"center center","background-size":"auto","background-attachment":"scroll","background-type":"","background-media":"","overlay-type":"","overlay-color":"","overlay-opacity":"","overlay-gradient":""},"tablet":{"background-color":"var(--ast-global-color-5)","background-image":"","background-repeat":"repeat","background-position":"center center","background-size":"auto","background-attachment":"scroll","background-type":"","background-media":"","overlay-type":"","overlay-color":"","overlay-opacity":"","overlay-gradient":""},"mobile":{"background-color":"var(--ast-global-color-5)","background-image":"","background-repeat":"repeat","background-position":"center center","background-size":"auto","background-attachment":"scroll","background-type":"","background-media":"","overlay-type":"","overlay-color":"","overlay-opacity":"","overlay-gradient":""}},"footnotes":""},"categories":[12,13],"tags":[],"class_list":["post-101","post","type-post","status-publish","format-standard","has-post-thumbnail","hentry","category-curiosidades","category-fofoca"],"yoast_head":"<!-- This site is optimized with the Yoast SEO plugin v27.5 - https:\/\/yoast.com\/product\/yoast-seo-wordpress\/ -->\n<title>A pol\u00edcia conclui ISSO sobre queda do avi\u00e3o com Mar\u00edlia Mendon\u00e7a... VEJA MAIS - supernoticias.net<\/title>\n<meta name=\"description\" content=\"A pol\u00edcia conclui ISSO sobre queda do avi\u00e3o com Mar\u00edlia Mendon\u00e7a: A Pol\u00edcia Civil de Minas Gerais (PCMG) anunciou hoje a finaliza\u00e7\u00e3o...\" \/>\n<meta name=\"robots\" content=\"index, follow, max-snippet:-1, max-image-preview:large, max-video-preview:-1\" \/>\n<link rel=\"canonical\" href=\"https:\/\/supernoticias.net\/index.php\/2023\/10\/04\/a-policia-conclui-isso-sobre-queda-do-aviao-com-marilia-mendonca-veja-mais\/\" \/>\n<meta property=\"og:locale\" content=\"pt_BR\" \/>\n<meta property=\"og:type\" content=\"article\" \/>\n<meta property=\"og:title\" content=\"A pol\u00edcia conclui ISSO sobre queda do avi\u00e3o com Mar\u00edlia Mendon\u00e7a... VEJA MAIS - supernoticias.net\" \/>\n<meta property=\"og:description\" content=\"A pol\u00edcia conclui ISSO sobre queda do avi\u00e3o com Mar\u00edlia Mendon\u00e7a: A Pol\u00edcia Civil de Minas Gerais (PCMG) anunciou hoje a finaliza\u00e7\u00e3o...\" \/>\n<meta property=\"og:url\" content=\"https:\/\/supernoticias.net\/index.php\/2023\/10\/04\/a-policia-conclui-isso-sobre-queda-do-aviao-com-marilia-mendonca-veja-mais\/\" \/>\n<meta property=\"og:site_name\" content=\"supernoticias.net\" \/>\n<meta property=\"article:published_time\" content=\"2023-10-05T00:56:27+00:00\" \/>\n<meta property=\"og:image\" content=\"http:\/\/supernoticias.net\/wp-content\/uploads\/2023\/10\/acidente-marilia-mendonca.webp\" \/>\n\t<meta property=\"og:image:width\" content=\"600\" \/>\n\t<meta property=\"og:image:height\" content=\"338\" \/>\n\t<meta property=\"og:image:type\" content=\"image\/webp\" \/>\n<meta name=\"author\" content=\"Bruno\" \/>\n<meta name=\"twitter:card\" content=\"summary_large_image\" \/>\n<meta name=\"twitter:label1\" content=\"Escrito por\" \/>\n\t<meta name=\"twitter:data1\" content=\"Bruno\" \/>\n\t<meta name=\"twitter:label2\" content=\"Est. tempo de leitura\" \/>\n\t<meta name=\"twitter:data2\" content=\"5 minutos\" \/>\n<script type=\"application\/ld+json\" class=\"yoast-schema-graph\">{\"@context\":\"https:\\\/\\\/schema.org\",\"@graph\":[{\"@type\":\"Article\",\"@id\":\"https:\\\/\\\/supernoticias.net\\\/index.php\\\/2023\\\/10\\\/04\\\/a-policia-conclui-isso-sobre-queda-do-aviao-com-marilia-mendonca-veja-mais\\\/#article\",\"isPartOf\":{\"@id\":\"https:\\\/\\\/supernoticias.net\\\/index.php\\\/2023\\\/10\\\/04\\\/a-policia-conclui-isso-sobre-queda-do-aviao-com-marilia-mendonca-veja-mais\\\/\"},\"author\":{\"name\":\"Bruno\",\"@id\":\"https:\\\/\\\/supernoticias.net\\\/#\\\/schema\\\/person\\\/cf0d24eb7c56347e2c0db9d7f7bc9cb7\"},\"headline\":\"A pol\u00edcia conclui ISSO sobre queda do avi\u00e3o com Mar\u00edlia Mendon\u00e7a&#8230; VEJA MAIS\",\"datePublished\":\"2023-10-05T00:56:27+00:00\",\"mainEntityOfPage\":{\"@id\":\"https:\\\/\\\/supernoticias.net\\\/index.php\\\/2023\\\/10\\\/04\\\/a-policia-conclui-isso-sobre-queda-do-aviao-com-marilia-mendonca-veja-mais\\\/\"},\"wordCount\":841,\"image\":{\"@id\":\"https:\\\/\\\/supernoticias.net\\\/index.php\\\/2023\\\/10\\\/04\\\/a-policia-conclui-isso-sobre-queda-do-aviao-com-marilia-mendonca-veja-mais\\\/#primaryimage\"},\"thumbnailUrl\":\"https:\\\/\\\/supernoticias.net\\\/wp-content\\\/uploads\\\/2023\\\/10\\\/acidente-marilia-mendonca.webp\",\"articleSection\":[\"CURIOSIDADES\",\"FOFOCA\"],\"inLanguage\":\"pt-BR\"},{\"@type\":\"WebPage\",\"@id\":\"https:\\\/\\\/supernoticias.net\\\/index.php\\\/2023\\\/10\\\/04\\\/a-policia-conclui-isso-sobre-queda-do-aviao-com-marilia-mendonca-veja-mais\\\/\",\"url\":\"https:\\\/\\\/supernoticias.net\\\/index.php\\\/2023\\\/10\\\/04\\\/a-policia-conclui-isso-sobre-queda-do-aviao-com-marilia-mendonca-veja-mais\\\/\",\"name\":\"A pol\u00edcia conclui ISSO sobre queda do avi\u00e3o com Mar\u00edlia Mendon\u00e7a... VEJA MAIS - supernoticias.net\",\"isPartOf\":{\"@id\":\"https:\\\/\\\/supernoticias.net\\\/#website\"},\"primaryImageOfPage\":{\"@id\":\"https:\\\/\\\/supernoticias.net\\\/index.php\\\/2023\\\/10\\\/04\\\/a-policia-conclui-isso-sobre-queda-do-aviao-com-marilia-mendonca-veja-mais\\\/#primaryimage\"},\"image\":{\"@id\":\"https:\\\/\\\/supernoticias.net\\\/index.php\\\/2023\\\/10\\\/04\\\/a-policia-conclui-isso-sobre-queda-do-aviao-com-marilia-mendonca-veja-mais\\\/#primaryimage\"},\"thumbnailUrl\":\"https:\\\/\\\/supernoticias.net\\\/wp-content\\\/uploads\\\/2023\\\/10\\\/acidente-marilia-mendonca.webp\",\"datePublished\":\"2023-10-05T00:56:27+00:00\",\"author\":{\"@id\":\"https:\\\/\\\/supernoticias.net\\\/#\\\/schema\\\/person\\\/cf0d24eb7c56347e2c0db9d7f7bc9cb7\"},\"description\":\"A pol\u00edcia conclui ISSO sobre queda do avi\u00e3o com Mar\u00edlia Mendon\u00e7a: A Pol\u00edcia Civil de Minas Gerais (PCMG) anunciou hoje a finaliza\u00e7\u00e3o...\",\"breadcrumb\":{\"@id\":\"https:\\\/\\\/supernoticias.net\\\/index.php\\\/2023\\\/10\\\/04\\\/a-policia-conclui-isso-sobre-queda-do-aviao-com-marilia-mendonca-veja-mais\\\/#breadcrumb\"},\"inLanguage\":\"pt-BR\",\"potentialAction\":[{\"@type\":\"ReadAction\",\"target\":[\"https:\\\/\\\/supernoticias.net\\\/index.php\\\/2023\\\/10\\\/04\\\/a-policia-conclui-isso-sobre-queda-do-aviao-com-marilia-mendonca-veja-mais\\\/\"]}]},{\"@type\":\"ImageObject\",\"inLanguage\":\"pt-BR\",\"@id\":\"https:\\\/\\\/supernoticias.net\\\/index.php\\\/2023\\\/10\\\/04\\\/a-policia-conclui-isso-sobre-queda-do-aviao-com-marilia-mendonca-veja-mais\\\/#primaryimage\",\"url\":\"https:\\\/\\\/supernoticias.net\\\/wp-content\\\/uploads\\\/2023\\\/10\\\/acidente-marilia-mendonca.webp\",\"contentUrl\":\"https:\\\/\\\/supernoticias.net\\\/wp-content\\\/uploads\\\/2023\\\/10\\\/acidente-marilia-mendonca.webp\",\"width\":600,\"height\":338},{\"@type\":\"BreadcrumbList\",\"@id\":\"https:\\\/\\\/supernoticias.net\\\/index.php\\\/2023\\\/10\\\/04\\\/a-policia-conclui-isso-sobre-queda-do-aviao-com-marilia-mendonca-veja-mais\\\/#breadcrumb\",\"itemListElement\":[{\"@type\":\"ListItem\",\"position\":1,\"name\":\"In\u00edcio\",\"item\":\"https:\\\/\\\/supernoticias.net\\\/\"},{\"@type\":\"ListItem\",\"position\":2,\"name\":\"A pol\u00edcia conclui ISSO sobre queda do avi\u00e3o com Mar\u00edlia Mendon\u00e7a&#8230; VEJA MAIS\"}]},{\"@type\":\"WebSite\",\"@id\":\"https:\\\/\\\/supernoticias.net\\\/#website\",\"url\":\"https:\\\/\\\/supernoticias.net\\\/\",\"name\":\"supernoticias.net\",\"description\":\"\",\"potentialAction\":[{\"@type\":\"SearchAction\",\"target\":{\"@type\":\"EntryPoint\",\"urlTemplate\":\"https:\\\/\\\/supernoticias.net\\\/?s={search_term_string}\"},\"query-input\":{\"@type\":\"PropertyValueSpecification\",\"valueRequired\":true,\"valueName\":\"search_term_string\"}}],\"inLanguage\":\"pt-BR\"},{\"@type\":\"Person\",\"@id\":\"https:\\\/\\\/supernoticias.net\\\/#\\\/schema\\\/person\\\/cf0d24eb7c56347e2c0db9d7f7bc9cb7\",\"name\":\"Bruno\",\"image\":{\"@type\":\"ImageObject\",\"inLanguage\":\"pt-BR\",\"@id\":\"https:\\\/\\\/secure.gravatar.com\\\/avatar\\\/2c39a4009fb499599500069d233a2415e43ff93345eb179bfd2d06e2e7871622?s=96&d=mm&r=g\",\"url\":\"https:\\\/\\\/secure.gravatar.com\\\/avatar\\\/2c39a4009fb499599500069d233a2415e43ff93345eb179bfd2d06e2e7871622?s=96&d=mm&r=g\",\"contentUrl\":\"https:\\\/\\\/secure.gravatar.com\\\/avatar\\\/2c39a4009fb499599500069d233a2415e43ff93345eb179bfd2d06e2e7871622?s=96&d=mm&r=g\",\"caption\":\"Bruno\"},\"sameAs\":[\"http:\\\/\\\/supernoticias.net\"],\"url\":\"https:\\\/\\\/supernoticias.net\\\/index.php\\\/author\\\/supernoticias-net\\\/\"}]}<\/script>\n<!-- \/ Yoast SEO plugin. -->","yoast_head_json":{"title":"A pol\u00edcia conclui ISSO sobre queda do avi\u00e3o com Mar\u00edlia Mendon\u00e7a... VEJA MAIS - supernoticias.net","description":"A pol\u00edcia conclui ISSO sobre queda do avi\u00e3o com Mar\u00edlia Mendon\u00e7a: A Pol\u00edcia Civil de Minas Gerais (PCMG) anunciou hoje a finaliza\u00e7\u00e3o...","robots":{"index":"index","follow":"follow","max-snippet":"max-snippet:-1","max-image-preview":"max-image-preview:large","max-video-preview":"max-video-preview:-1"},"canonical":"https:\/\/supernoticias.net\/index.php\/2023\/10\/04\/a-policia-conclui-isso-sobre-queda-do-aviao-com-marilia-mendonca-veja-mais\/","og_locale":"pt_BR","og_type":"article","og_title":"A pol\u00edcia conclui ISSO sobre queda do avi\u00e3o com Mar\u00edlia Mendon\u00e7a... VEJA MAIS - supernoticias.net","og_description":"A pol\u00edcia conclui ISSO sobre queda do avi\u00e3o com Mar\u00edlia Mendon\u00e7a: A Pol\u00edcia Civil de Minas Gerais (PCMG) anunciou hoje a finaliza\u00e7\u00e3o...","og_url":"https:\/\/supernoticias.net\/index.php\/2023\/10\/04\/a-policia-conclui-isso-sobre-queda-do-aviao-com-marilia-mendonca-veja-mais\/","og_site_name":"supernoticias.net","article_published_time":"2023-10-05T00:56:27+00:00","og_image":[{"width":600,"height":338,"url":"http:\/\/supernoticias.net\/wp-content\/uploads\/2023\/10\/acidente-marilia-mendonca.webp","type":"image\/webp"}],"author":"Bruno","twitter_card":"summary_large_image","twitter_misc":{"Escrito por":"Bruno","Est. tempo de leitura":"5 minutos"},"schema":{"@context":"https:\/\/schema.org","@graph":[{"@type":"Article","@id":"https:\/\/supernoticias.net\/index.php\/2023\/10\/04\/a-policia-conclui-isso-sobre-queda-do-aviao-com-marilia-mendonca-veja-mais\/#article","isPartOf":{"@id":"https:\/\/supernoticias.net\/index.php\/2023\/10\/04\/a-policia-conclui-isso-sobre-queda-do-aviao-com-marilia-mendonca-veja-mais\/"},"author":{"name":"Bruno","@id":"https:\/\/supernoticias.net\/#\/schema\/person\/cf0d24eb7c56347e2c0db9d7f7bc9cb7"},"headline":"A pol\u00edcia conclui ISSO sobre queda do avi\u00e3o com Mar\u00edlia Mendon\u00e7a&#8230; VEJA MAIS","datePublished":"2023-10-05T00:56:27+00:00","mainEntityOfPage":{"@id":"https:\/\/supernoticias.net\/index.php\/2023\/10\/04\/a-policia-conclui-isso-sobre-queda-do-aviao-com-marilia-mendonca-veja-mais\/"},"wordCount":841,"image":{"@id":"https:\/\/supernoticias.net\/index.php\/2023\/10\/04\/a-policia-conclui-isso-sobre-queda-do-aviao-com-marilia-mendonca-veja-mais\/#primaryimage"},"thumbnailUrl":"https:\/\/supernoticias.net\/wp-content\/uploads\/2023\/10\/acidente-marilia-mendonca.webp","articleSection":["CURIOSIDADES","FOFOCA"],"inLanguage":"pt-BR"},{"@type":"WebPage","@id":"https:\/\/supernoticias.net\/index.php\/2023\/10\/04\/a-policia-conclui-isso-sobre-queda-do-aviao-com-marilia-mendonca-veja-mais\/","url":"https:\/\/supernoticias.net\/index.php\/2023\/10\/04\/a-policia-conclui-isso-sobre-queda-do-aviao-com-marilia-mendonca-veja-mais\/","name":"A pol\u00edcia conclui ISSO sobre queda do avi\u00e3o com Mar\u00edlia Mendon\u00e7a... VEJA MAIS - supernoticias.net","isPartOf":{"@id":"https:\/\/supernoticias.net\/#website"},"primaryImageOfPage":{"@id":"https:\/\/supernoticias.net\/index.php\/2023\/10\/04\/a-policia-conclui-isso-sobre-queda-do-aviao-com-marilia-mendonca-veja-mais\/#primaryimage"},"image":{"@id":"https:\/\/supernoticias.net\/index.php\/2023\/10\/04\/a-policia-conclui-isso-sobre-queda-do-aviao-com-marilia-mendonca-veja-mais\/#primaryimage"},"thumbnailUrl":"https:\/\/supernoticias.net\/wp-content\/uploads\/2023\/10\/acidente-marilia-mendonca.webp","datePublished":"2023-10-05T00:56:27+00:00","author":{"@id":"https:\/\/supernoticias.net\/#\/schema\/person\/cf0d24eb7c56347e2c0db9d7f7bc9cb7"},"description":"A pol\u00edcia conclui ISSO sobre queda do avi\u00e3o com Mar\u00edlia Mendon\u00e7a: A Pol\u00edcia Civil de Minas Gerais (PCMG) anunciou hoje a finaliza\u00e7\u00e3o...","breadcrumb":{"@id":"https:\/\/supernoticias.net\/index.php\/2023\/10\/04\/a-policia-conclui-isso-sobre-queda-do-aviao-com-marilia-mendonca-veja-mais\/#breadcrumb"},"inLanguage":"pt-BR","potentialAction":[{"@type":"ReadAction","target":["https:\/\/supernoticias.net\/index.php\/2023\/10\/04\/a-policia-conclui-isso-sobre-queda-do-aviao-com-marilia-mendonca-veja-mais\/"]}]},{"@type":"ImageObject","inLanguage":"pt-BR","@id":"https:\/\/supernoticias.net\/index.php\/2023\/10\/04\/a-policia-conclui-isso-sobre-queda-do-aviao-com-marilia-mendonca-veja-mais\/#primaryimage","url":"https:\/\/supernoticias.net\/wp-content\/uploads\/2023\/10\/acidente-marilia-mendonca.webp","contentUrl":"https:\/\/supernoticias.net\/wp-content\/uploads\/2023\/10\/acidente-marilia-mendonca.webp","width":600,"height":338},{"@type":"BreadcrumbList","@id":"https:\/\/supernoticias.net\/index.php\/2023\/10\/04\/a-policia-conclui-isso-sobre-queda-do-aviao-com-marilia-mendonca-veja-mais\/#breadcrumb","itemListElement":[{"@type":"ListItem","position":1,"name":"In\u00edcio","item":"https:\/\/supernoticias.net\/"},{"@type":"ListItem","position":2,"name":"A pol\u00edcia conclui ISSO sobre queda do avi\u00e3o com Mar\u00edlia Mendon\u00e7a&#8230; VEJA MAIS"}]},{"@type":"WebSite","@id":"https:\/\/supernoticias.net\/#website","url":"https:\/\/supernoticias.net\/","name":"supernoticias.net","description":"","potentialAction":[{"@type":"SearchAction","target":{"@type":"EntryPoint","urlTemplate":"https:\/\/supernoticias.net\/?s={search_term_string}"},"query-input":{"@type":"PropertyValueSpecification","valueRequired":true,"valueName":"search_term_string"}}],"inLanguage":"pt-BR"},{"@type":"Person","@id":"https:\/\/supernoticias.net\/#\/schema\/person\/cf0d24eb7c56347e2c0db9d7f7bc9cb7","name":"Bruno","image":{"@type":"ImageObject","inLanguage":"pt-BR","@id":"https:\/\/secure.gravatar.com\/avatar\/2c39a4009fb499599500069d233a2415e43ff93345eb179bfd2d06e2e7871622?s=96&d=mm&r=g","url":"https:\/\/secure.gravatar.com\/avatar\/2c39a4009fb499599500069d233a2415e43ff93345eb179bfd2d06e2e7871622?s=96&d=mm&r=g","contentUrl":"https:\/\/secure.gravatar.com\/avatar\/2c39a4009fb499599500069d233a2415e43ff93345eb179bfd2d06e2e7871622?s=96&d=mm&r=g","caption":"Bruno"},"sameAs":["http:\/\/supernoticias.net"],"url":"https:\/\/supernoticias.net\/index.php\/author\/supernoticias-net\/"}]}},"_links":{"self":[{"href":"https:\/\/supernoticias.net\/index.php\/wp-json\/wp\/v2\/posts\/101","targetHints":{"allow":["GET"]}}],"collection":[{"href":"https:\/\/supernoticias.net\/index.php\/wp-json\/wp\/v2\/posts"}],"about":[{"href":"https:\/\/supernoticias.net\/index.php\/wp-json\/wp\/v2\/types\/post"}],"author":[{"embeddable":true,"href":"https:\/\/supernoticias.net\/index.php\/wp-json\/wp\/v2\/users\/1"}],"replies":[{"embeddable":true,"href":"https:\/\/supernoticias.net\/index.php\/wp-json\/wp\/v2\/comments?post=101"}],"version-history":[{"count":1,"href":"https:\/\/supernoticias.net\/index.php\/wp-json\/wp\/v2\/posts\/101\/revisions"}],"predecessor-version":[{"id":104,"href":"https:\/\/supernoticias.net\/index.php\/wp-json\/wp\/v2\/posts\/101\/revisions\/104"}],"wp:featuredmedia":[{"embeddable":true,"href":"https:\/\/supernoticias.net\/index.php\/wp-json\/wp\/v2\/media\/102"}],"wp:attachment":[{"href":"https:\/\/supernoticias.net\/index.php\/wp-json\/wp\/v2\/media?parent=101"}],"wp:term":[{"taxonomy":"category","embeddable":true,"href":"https:\/\/supernoticias.net\/index.php\/wp-json\/wp\/v2\/categories?post=101"},{"taxonomy":"post_tag","embeddable":true,"href":"https:\/\/supernoticias.net\/index.php\/wp-json\/wp\/v2\/tags?post=101"}],"curies":[{"name":"wp","href":"https:\/\/api.w.org\/{rel}","templated":true}]}}